{"id":10246,"date":"2023-05-12T15:43:36","date_gmt":"2023-05-12T13:43:36","guid":{"rendered":"https:\/\/cnprsv.ro\/?p=10246"},"modified":"2024-10-11T15:40:31","modified_gmt":"2024-10-11T13:40:31","slug":"corigente-si-incheierea-situatiei-scolare","status":"publish","type":"post","link":"https:\/\/cnprsv.ro\/?p=10246","title":{"rendered":"CORIGEN\u021aE \u0218I \u00ceNCHEIEREA SITUA\u021aIEI \u0218COLARE"},"content":{"rendered":"\n<p class=\"has-medium-font-size\">PERIOADA DE SUS\u021aINERE A EXAMENELOR DE CORIGEN\u021a\u0102 ESTE 3 \u2013 14 IULIE 2023.<br>Elevii care nu se prezint\u0103 sau nu promoveaz\u0103 examenul de corigen\u021b\u0103 sunt declara\u021bi repeten\u021bi.<br>Perioada de \u00eencheiere a situa\u021biei \u0219colare pentru elevii declara\u021bi cu situa\u021bie ne\u00eencheiat\u0103 este 19 \u2013 30 iunie 2023. Elevii cu situa\u021bie \u0219colar\u0103 ne\u00eencheiat\u0103 care NU se prezint\u0103 la examenele de \u00eencheiere a situa\u021biei \u0219colare sunt declara\u021bi repeten\u021bi.<\/p>\n\n\n\n<figure class=\"wp-block-image size-large is-resized is-style-editorskit-circular\"><img loading=\"lazy\" decoding=\"async\" src=\"https:\/\/cnprsv.ro\/wp-content\/uploads\/2023\/05\/Sigla-CNPR-2-1024x995.jpg\" alt=\"\" class=\"wp-image-10247\" width=\"152\" height=\"148\" srcset=\"https:\/\/cnprsv.ro\/wp-content\/uploads\/2023\/05\/Sigla-CNPR-2-1024x995.jpg 1024w, https:\/\/cnprsv.ro\/wp-content\/uploads\/2023\/05\/Sigla-CNPR-2-300x292.jpg 300w, https:\/\/cnprsv.ro\/wp-content\/uploads\/2023\/05\/Sigla-CNPR-2-768x746.jpg 768w, https:\/\/cnprsv.ro\/wp-content\/uploads\/2023\/05\/Sigla-CNPR-2-1536x1493.jpg 1536w, https:\/\/cnprsv.ro\/wp-content\/uploads\/2023\/05\/Sigla-CNPR-2-2048x1990.jpg 2048w\" sizes=\"auto, (max-width: 152px) 100vw, 152px\" \/><\/figure>\n","protected":false},"excerpt":{"rendered":"<p>PERIOADA DE SUS\u021aINERE A EXAMENELOR DE CORIGEN\u021a\u0102 ESTE 3 \u2013 14 IULIE 2023.Elevii care nu se prezint\u0103 sau nu promoveaz\u0103 examenul de corigen\u021b\u0103 sunt declara\u021bi repeten\u021bi.Perioada de \u00eencheiere a situa\u021biei \u0219colare pentru elevii declara\u021bi cu situa\u021bie ne\u00eencheiat\u0103 este 19 \u2013<\/p>\n<div class=\"entry-read-more\"><a class=\"read-more-link\" href=\"https:\/\/cnprsv.ro\/?p=10246\">Read More<span class=\"cleanwp-sr-only\">  CORIGEN\u021aE \u0218I \u00ceNCHEIEREA SITUA\u021aIEI \u0218COLARE<\/span><\/a><\/div>\n","protected":false},"author":1,"featured_media":0,"comment_status":"closed","ping_status":"open","sticky":false,"template":"","format":"standard","meta":{"_editorskit_title_hidden":false,"_editorskit_reading_time":0,"_editorskit_is_block_options_detached":false,"_editorskit_block_options_position":"{}","footnotes":""},"categories":[1],"tags":[],"class_list":["post-10246","post","type-post","status-publish","format-standard","hentry","category-uncategorized","wpcat-1-id"],"_links":{"self":[{"href":"https:\/\/cnprsv.ro\/index.php?rest_route=\/wp\/v2\/posts\/10246","targetHints":{"allow":["GET"]}}],"collection":[{"href":"https:\/\/cnprsv.ro\/index.php?rest_route=\/wp\/v2\/posts"}],"about":[{"href":"https:\/\/cnprsv.ro\/index.php?rest_route=\/wp\/v2\/types\/post"}],"author":[{"embeddable":true,"href":"https:\/\/cnprsv.ro\/index.php?rest_route=\/wp\/v2\/users\/1"}],"replies":[{"embeddable":true,"href":"https:\/\/cnprsv.ro\/index.php?rest_route=%2Fwp%2Fv2%2Fcomments&post=10246"}],"version-history":[{"count":1,"href":"https:\/\/cnprsv.ro\/index.php?rest_route=\/wp\/v2\/posts\/10246\/revisions"}],"predecessor-version":[{"id":10248,"href":"https:\/\/cnprsv.ro\/index.php?rest_route=\/wp\/v2\/posts\/10246\/revisions\/10248"}],"wp:attachment":[{"href":"https:\/\/cnprsv.ro\/index.php?rest_route=%2Fwp%2Fv2%2Fmedia&parent=10246"}],"wp:term":[{"taxonomy":"category","embeddable":true,"href":"https:\/\/cnprsv.ro\/index.php?rest_route=%2Fwp%2Fv2%2Fcategories&post=10246"},{"taxonomy":"post_tag","embeddable":true,"href":"https:\/\/cnprsv.ro\/index.php?rest_route=%2Fwp%2Fv2%2Ftags&post=10246"}],"curies":[{"name":"wp","href":"https:\/\/api.w.org\/{rel}","templated":true}]}}