{"id":10457,"date":"2023-09-15T15:27:04","date_gmt":"2023-09-15T13:27:04","guid":{"rendered":"https:\/\/cnprsv.ro\/?p=10457"},"modified":"2024-10-11T15:40:31","modified_gmt":"2024-10-11T13:40:31","slug":"facilitati-transport-elevi","status":"publish","type":"post","link":"https:\/\/cnprsv.ro\/?p=10457","title":{"rendered":"FACILIT\u0102\u021aI TRANSPORT ELEVI"},"content":{"rendered":"\n<p>Legisla\u021bia referitoare la asigurarea gratuit\u0103\u021bii\/decont\u0103rii transportului pentru elevi \u0219i modelele de cerere:<\/p>\n\n\n\n<p class=\"has-medium-font-size\"><strong><a href=\"\/documente\/HG-812-08.09.2023-Facilitati-de-transport-pentru-elevi.pdf\">Hot\u0103r\u00e2rea de guvern nr. 812\/08.09.2023 pentru aprobarea normelor metodologice privind acordarea facilit\u0103\u021bilor de transport pentru elevi<\/a><\/strong><\/p>\n\n\n\n<p><strong><a href=\"\/documente\/Lista operatori transport INTRAJUDETEAN din judetul Suceava .pdf\">Lista operatorilor de transport INTRAJUDE\u021aEAN din jude\u021bul Suceava<\/a><\/strong><\/p>\n\n\n\n<p><strong><a href=\"\/documente\/Min Educatiei Operatori transport INTERJUDETEAN conf HG810 2023 - SV.pdf\">Lista operatorilor de transport INTERJUDE\u021aEAN care opereaz\u0103 pe teritoriul jude\u021bului Suceava<\/a><\/strong><\/p>\n\n\n\n<p><strong><a href=\"\/documente\/Cerere gratuitate transport-an-scolar-2023-2024-cf.-HG-810-8092023.doc\">Cerere pentru acordarea gratuit\u0103\u021bii pentru transportul public rutier jude\u021bean\/interjude\u021bean<\/a><\/strong><\/p>\n\n\n\n<p><strong><a href=\"\/documente\/Cerere suma-forfetara-transport-an-scolar-2023-2024-cf.-HG-810-8092023.doc\">Cerere pentru acordarea sumei forfetare pentru transportul public jude\u021bean\/interjude\u021bean<\/a><\/strong><\/p>\n\n\n\n<p><strong><a href=\"\/documente\/Cerere decontare bilete camin_gazda-2023-2024-cf.-HG-810-8092023.doc\">Cerere pentru decontarea biletelor de c\u0103l\u0103torie pentru elevii care locuiesc la internat sau la gazd\u0103<\/a><\/strong><\/p>\n\n\n\n<p>V\u0103 rug\u0103m s\u0103 citi\u021bi cu mult\u0103 aten\u021bie Hot\u0103r\u00e2rea de guvern pentru a afla \u00een care din situa\u021biile descrise v\u0103 \u00eencadra\u021bi. NU depun cerere elevii care locuiesc \u00een aria administrativ-teritorial\u0103 \u201eTransport Metropolitan Suceava\u201d: municipiul Suceava, ora\u0219ul Salcea, comunele Ad\u00e2ncata, Bosanci, Ipote\u0219ti, Moara, Mitocu-Dragomirnei, P\u0103tr\u0103u\u021bi \u0219i \u0218cheia.<\/p>\n\n\n\n<p>Cererea pentru acordarea gratuit\u0103\u021bii pe transport public rutier se depune de cei care folosesc serviciile unui transportator de pe listele de operatori de mai sus.<\/p>\n\n\n\n<p>Suma forfetar\u0103 se acord\u0103 doar \u00een cazul \u00een care elevul nu poate fi \u0219colarizat \u00een localitatea de domiciliu \u0219i nu exist\u0103 transport public, conform art. 4 din HG 812\/08.09.2023.<\/p>\n\n\n\n<p class=\"has-vivid-red-color has-text-color has-medium-font-size\"><strong>TERMEN DE DEPUNERE A CERERILOR LA SERVICIUL CONTABILITATE: 26 SEPTEMBRIE 2023<\/strong><\/p>\n\n\n<div class=\"wp-block-image is-style-editorskit-circular\">\n<figure class=\"aligncenter size-large is-resized\"><img loading=\"lazy\" decoding=\"async\" src=\"https:\/\/cnprsv.ro\/wp-content\/uploads\/2023\/09\/Sigla-CNPR-2-1024x995.jpg\" alt=\"\" class=\"wp-image-10460\" width=\"187\" height=\"182\" srcset=\"https:\/\/cnprsv.ro\/wp-content\/uploads\/2023\/09\/Sigla-CNPR-2-1024x995.jpg 1024w, https:\/\/cnprsv.ro\/wp-content\/uploads\/2023\/09\/Sigla-CNPR-2-300x292.jpg 300w, https:\/\/cnprsv.ro\/wp-content\/uploads\/2023\/09\/Sigla-CNPR-2-768x746.jpg 768w, https:\/\/cnprsv.ro\/wp-content\/uploads\/2023\/09\/Sigla-CNPR-2-1536x1493.jpg 1536w, https:\/\/cnprsv.ro\/wp-content\/uploads\/2023\/09\/Sigla-CNPR-2-2048x1990.jpg 2048w\" sizes=\"auto, (max-width: 187px) 100vw, 187px\" \/><\/figure>\n<\/div>","protected":false},"excerpt":{"rendered":"<p>Legisla\u021bia referitoare la asigurarea gratuit\u0103\u021bii\/decont\u0103rii transportului pentru elevi \u0219i modelele de cerere: Hot\u0103r\u00e2rea de guvern nr. 812\/08.09.2023 pentru aprobarea normelor metodologice privind acordarea facilit\u0103\u021bilor de transport pentru elevi Lista operatorilor de transport INTRAJUDE\u021aEAN din jude\u021bul Suceava Lista operatorilor de transport<\/p>\n<div class=\"entry-read-more\"><a class=\"read-more-link\" href=\"https:\/\/cnprsv.ro\/?p=10457\">Read More<span class=\"cleanwp-sr-only\">  FACILIT\u0102\u021aI TRANSPORT ELEVI<\/span><\/a><\/div>\n","protected":false},"author":1,"featured_media":0,"comment_status":"closed","ping_status":"open","sticky":false,"template":"","format":"standard","meta":{"_editorskit_title_hidden":false,"_editorskit_reading_time":0,"_editorskit_is_block_options_detached":false,"_editorskit_block_options_position":"{}","footnotes":""},"categories":[1],"tags":[],"class_list":["post-10457","post","type-post","status-publish","format-standard","hentry","category-uncategorized","wpcat-1-id"],"_links":{"self":[{"href":"https:\/\/cnprsv.ro\/index.php?rest_route=\/wp\/v2\/posts\/10457","targetHints":{"allow":["GET"]}}],"collection":[{"href":"https:\/\/cnprsv.ro\/index.php?rest_route=\/wp\/v2\/posts"}],"about":[{"href":"https:\/\/cnprsv.ro\/index.php?rest_route=\/wp\/v2\/types\/post"}],"author":[{"embeddable":true,"href":"https:\/\/cnprsv.ro\/index.php?rest_route=\/wp\/v2\/users\/1"}],"replies":[{"embeddable":true,"href":"https:\/\/cnprsv.ro\/index.php?rest_route=%2Fwp%2Fv2%2Fcomments&post=10457"}],"version-history":[{"count":9,"href":"https:\/\/cnprsv.ro\/index.php?rest_route=\/wp\/v2\/posts\/10457\/revisions"}],"predecessor-version":[{"id":10475,"href":"https:\/\/cnprsv.ro\/index.php?rest_route=\/wp\/v2\/posts\/10457\/revisions\/10475"}],"wp:attachment":[{"href":"https:\/\/cnprsv.ro\/index.php?rest_route=%2Fwp%2Fv2%2Fmedia&parent=10457"}],"wp:term":[{"taxonomy":"category","embeddable":true,"href":"https:\/\/cnprsv.ro\/index.php?rest_route=%2Fwp%2Fv2%2Fcategories&post=10457"},{"taxonomy":"post_tag","embeddable":true,"href":"https:\/\/cnprsv.ro\/index.php?rest_route=%2Fwp%2Fv2%2Ftags&post=10457"}],"curies":[{"name":"wp","href":"https:\/\/api.w.org\/{rel}","templated":true}]}}