{"id":12480,"date":"2025-01-31T16:53:15","date_gmt":"2025-01-31T14:53:15","guid":{"rendered":"https:\/\/cnprsv.ro\/?p=12480"},"modified":"2025-01-31T16:57:26","modified_gmt":"2025-01-31T14:57:26","slug":"selectie-elevi-mobilitate-erasmus","status":"publish","type":"post","link":"https:\/\/cnprsv.ro\/?p=12480","title":{"rendered":"SELEC\u021aIE ELEVI MOBILITATE ERASMUS"},"content":{"rendered":"\n<p class=\"has-medium-font-size\"><strong>Fi\u0219\u0103 de selec\u021bie pentru participarea elevilor (cu v\u00e2rsta de 15\/16 ani) la mobilitatea din perioada 07-11.04.2025 din cadrul proiectului Erasmus, cu titlul \u201c\u00cembun\u0103t\u0103\u021birea culturii \u0219colare \u00een cadrul comunit\u0103\u021bii colegiului pe baza schimb\u0103rii practicilor \u0219i mentalit\u0103\u021bilor existente, \u00een leg\u0103tur\u0103 cu cre\u0219terea calit\u0103\u021bii accesului la noi informa\u021bii \u0219i la servicii de consiliere educa\u021bional\u0103\u201d, cod 2024-1-RO01-KA121-SCH-000211169\u00a0se g\u0103se\u0219te <a href=\"https:\/\/cnprsv.ro\/wp-content\/uploads\/2025\/01\/Fisa-de-selectie-a-elevilor-pentru-proiectul-ERASMUS-SCH.docx\">aici<\/a>.<\/strong><\/p>\n\n\n\n<figure class=\"wp-block-image size-full\"><img loading=\"lazy\" decoding=\"async\" width=\"452\" height=\"356\" src=\"https:\/\/cnprsv.ro\/wp-content\/uploads\/2025\/01\/Proiecte.jpg\" alt=\"\" class=\"wp-image-12483\" srcset=\"https:\/\/cnprsv.ro\/wp-content\/uploads\/2025\/01\/Proiecte.jpg 452w, https:\/\/cnprsv.ro\/wp-content\/uploads\/2025\/01\/Proiecte-300x236.jpg 300w, https:\/\/cnprsv.ro\/wp-content\/uploads\/2025\/01\/Proiecte-240x189.jpg 240w\" sizes=\"auto, (max-width: 452px) 100vw, 452px\" \/><\/figure>\n","protected":false},"excerpt":{"rendered":"<p>Fi\u0219\u0103 de selec\u021bie pentru participarea elevilor (cu v\u00e2rsta de 15\/16 ani) la mobilitatea din perioada 07-11.04.2025 din cadrul proiectului Erasmus, cu titlul \u201c\u00cembun\u0103t\u0103\u021birea culturii \u0219colare \u00een cadrul comunit\u0103\u021bii colegiului pe baza schimb\u0103rii practicilor \u0219i mentalit\u0103\u021bilor existente, \u00een leg\u0103tur\u0103 cu cre\u0219terea<\/p>\n<div class=\"entry-read-more\"><a class=\"read-more-link\" href=\"https:\/\/cnprsv.ro\/?p=12480\">Read More<span class=\"cleanwp-sr-only\">  SELEC\u021aIE ELEVI MOBILITATE ERASMUS<\/span><\/a><\/div>\n","protected":false},"author":1,"featured_media":0,"comment_status":"closed","ping_status":"open","sticky":false,"template":"","format":"standard","meta":{"_editorskit_title_hidden":false,"_editorskit_reading_time":0,"_editorskit_is_block_options_detached":false,"_editorskit_block_options_position":"{}","footnotes":""},"categories":[1],"tags":[],"class_list":["post-12480","post","type-post","status-publish","format-standard","hentry","category-uncategorized","wpcat-1-id"],"_links":{"self":[{"href":"https:\/\/cnprsv.ro\/index.php?rest_route=\/wp\/v2\/posts\/12480","targetHints":{"allow":["GET"]}}],"collection":[{"href":"https:\/\/cnprsv.ro\/index.php?rest_route=\/wp\/v2\/posts"}],"about":[{"href":"https:\/\/cnprsv.ro\/index.php?rest_route=\/wp\/v2\/types\/post"}],"author":[{"embeddable":true,"href":"https:\/\/cnprsv.ro\/index.php?rest_route=\/wp\/v2\/users\/1"}],"replies":[{"embeddable":true,"href":"https:\/\/cnprsv.ro\/index.php?rest_route=%2Fwp%2Fv2%2Fcomments&post=12480"}],"version-history":[{"count":2,"href":"https:\/\/cnprsv.ro\/index.php?rest_route=\/wp\/v2\/posts\/12480\/revisions"}],"predecessor-version":[{"id":12484,"href":"https:\/\/cnprsv.ro\/index.php?rest_route=\/wp\/v2\/posts\/12480\/revisions\/12484"}],"wp:attachment":[{"href":"https:\/\/cnprsv.ro\/index.php?rest_route=%2Fwp%2Fv2%2Fmedia&parent=12480"}],"wp:term":[{"taxonomy":"category","embeddable":true,"href":"https:\/\/cnprsv.ro\/index.php?rest_route=%2Fwp%2Fv2%2Fcategories&post=12480"},{"taxonomy":"post_tag","embeddable":true,"href":"https:\/\/cnprsv.ro\/index.php?rest_route=%2Fwp%2Fv2%2Ftags&post=12480"}],"curies":[{"name":"wp","href":"https:\/\/api.w.org\/{rel}","templated":true}]}}