{"id":2444,"date":"2012-05-30T08:17:42","date_gmt":"2012-05-30T08:17:42","guid":{"rendered":"http:\/\/cnprsv.ro\/?p=2444"},"modified":"2024-10-11T15:43:23","modified_gmt":"2024-10-11T13:43:23","slug":"comunicat-lin-lan-lim","status":"publish","type":"post","link":"https:\/\/cnprsv.ro\/?p=2444","title":{"rendered":"Comunicat \u201eLIN LAN LIM\u201d"},"content":{"rendered":"<p><img loading=\"lazy\" decoding=\"async\" class=\"alignright size-full wp-image-1734\" title=\"Steagul-Frantei\" src=\"https:\/\/cnprsv.ro\/wp-content\/uploads\/2011\/11\/Steagul-Frantei.jpg\" alt=\"\" width=\"194\" height=\"145\" srcset=\"https:\/\/cnprsv.ro\/wp-content\/uploads\/2011\/11\/Steagul-Frantei.jpg 800w, https:\/\/cnprsv.ro\/wp-content\/uploads\/2011\/11\/Steagul-Frantei-300x225.jpg 300w\" sizes=\"auto, (max-width: 194px) 100vw, 194px\" \/><\/p>\n<p>\u00cen data de joi, 31 mai, ora 14, Colegiul Na\u0163ional \u201ePetru Rare\u015f\u201d din Suceava organizeaz\u0103 o minifestivitate de \u00eenm\u00e2nare a certificatelor de mobilitate EUROPASS celor 20 de elevi \u015fi 4 profesori care au participat, \u00een luna mai 2012, la mobilitatea din Fran\u0163a, \u00een cadrul proiectului bilateral Comenius \u201eLIN LAN LIM\u201d. Aptitudinile \u015fi competen\u0163ele certificate de aceste documente sunt:\u00a0 competen\u0163e de comunicare oral\u0103 \u015fi scris\u0103 \u00een limba francez\u0103, capacitate de redactare a unui text poetic, organizare colectiv\u0103 de texte, utilizare de documente \u00een re\u0163ea, lucrul pe grupe, exersarea toleran\u0163ei, comunicarea \u015fi adaptarea \u00een\/la medii noi etc.<\/p>\n<p>Activit\u0103\u0163ile de proiect s-au derulat la liceul\u00a0 \u201eAmyot d\u2019Inville\u00a0\u201d din Senlis Fran\u021ba \u015fi au constat \u00een cea\u00a0 mai mare parte \u00een continuarea studiului, \u00eenceput \u00een Rom\u00e2nia,\u00a0 (cercetare, interpretare, comentare etc) a expresiilor, citatelor si proverbelor latine\u0219ti ce se reg\u0103sesc ca form\u0103 \u0219i sens \u00een limbile rom\u00e2n\u0103 \u015fi francez\u0103. La final, elevii rom\u00e2ni, c\u00e2t \u015fi partenerii lor francezi, au preg\u0103tit \u015fi prezentat, sub \u00eendrumarea artistului francez Gerard Mendy, \u00a0un spectacol ce a avut loc \u00een amfiteatrul liceului partener. \u00cen plus, elevii \u0219i profesorii rom\u00e2ni s-au integrat programului gazdelor franceze, asist\u00e2nd la cursuri \u0219i particip\u00e2nd activ la programul instructiv-educativ al liceului francez.<\/p>\n<p>\u00cen momentele \u00een care programul a permis, elevii rom\u00e2ni au realizat \u0219i vizite la elemente de patrimoniu, cum ar fi: Centrul Pompidou, Atelierul C. Br\u00e2ncu\u0219i, Cite de la Musique, arenele galo-romane din Senlis, centrul de expozi\u021bii Les Halles etc.<\/p>\n<p>&nbsp;<\/p>\n<div id='gallery-1' class='gallery galleryid-2444 gallery-columns-3 gallery-size-thumbnail'><figure class='gallery-item'>\n\t\t\t<div class='gallery-icon landscape'>\n\t\t\t\t<a href='https:\/\/cnprsv.ro\/wp-content\/uploads\/2012\/05\/image2.jpg' rel=\"lightbox[2444]\"><img loading=\"lazy\" decoding=\"async\" width=\"150\" height=\"150\" src=\"https:\/\/cnprsv.ro\/wp-content\/uploads\/2012\/05\/image2-150x150.jpg\" class=\"attachment-thumbnail size-thumbnail\" alt=\"\" \/><\/a>\n\t\t\t<\/div><\/figure><figure class='gallery-item'>\n\t\t\t<div class='gallery-icon landscape'>\n\t\t\t\t<a href='https:\/\/cnprsv.ro\/wp-content\/uploads\/2012\/05\/image1.jpg' rel=\"lightbox[2444]\"><img loading=\"lazy\" decoding=\"async\" width=\"150\" height=\"150\" src=\"https:\/\/cnprsv.ro\/wp-content\/uploads\/2012\/05\/image1-150x150.jpg\" class=\"attachment-thumbnail size-thumbnail\" alt=\"\" \/><\/a>\n\t\t\t<\/div><\/figure>\n\t\t<\/div>\n\n","protected":false},"excerpt":{"rendered":"<p>\u00cen data de joi, 31 mai, ora 14, Colegiul Na\u0163ional \u201ePetru Rare\u015f\u201d din Suceava organizeaz\u0103 o minifestivitate de \u00eenm\u00e2nare a certificatelor de mobilitate EUROPASS celor 20 de elevi \u015fi 4 profesori care au participat, \u00een luna mai 2012, la mobilitatea<\/p>\n<div class=\"entry-read-more\"><a class=\"read-more-link\" href=\"https:\/\/cnprsv.ro\/?p=2444\">Read More<span class=\"cleanwp-sr-only\">  Comunicat \u201eLIN LAN LIM\u201d<\/span><\/a><\/div>\n","protected":false},"author":1,"featured_media":0,"comment_status":"closed","ping_status":"open","sticky":false,"template":"","format":"standard","meta":{"_editorskit_title_hidden":false,"_editorskit_reading_time":0,"_editorskit_is_block_options_detached":false,"_editorskit_block_options_position":"{}","footnotes":""},"categories":[1],"tags":[],"class_list":["post-2444","post","type-post","status-publish","format-standard","hentry","category-uncategorized","wpcat-1-id"],"_links":{"self":[{"href":"https:\/\/cnprsv.ro\/index.php?rest_route=\/wp\/v2\/posts\/2444","targetHints":{"allow":["GET"]}}],"collection":[{"href":"https:\/\/cnprsv.ro\/index.php?rest_route=\/wp\/v2\/posts"}],"about":[{"href":"https:\/\/cnprsv.ro\/index.php?rest_route=\/wp\/v2\/types\/post"}],"author":[{"embeddable":true,"href":"https:\/\/cnprsv.ro\/index.php?rest_route=\/wp\/v2\/users\/1"}],"replies":[{"embeddable":true,"href":"https:\/\/cnprsv.ro\/index.php?rest_route=%2Fwp%2Fv2%2Fcomments&post=2444"}],"version-history":[{"count":3,"href":"https:\/\/cnprsv.ro\/index.php?rest_route=\/wp\/v2\/posts\/2444\/revisions"}],"predecessor-version":[{"id":12112,"href":"https:\/\/cnprsv.ro\/index.php?rest_route=\/wp\/v2\/posts\/2444\/revisions\/12112"}],"wp:attachment":[{"href":"https:\/\/cnprsv.ro\/index.php?rest_route=%2Fwp%2Fv2%2Fmedia&parent=2444"}],"wp:term":[{"taxonomy":"category","embeddable":true,"href":"https:\/\/cnprsv.ro\/index.php?rest_route=%2Fwp%2Fv2%2Fcategories&post=2444"},{"taxonomy":"post_tag","embeddable":true,"href":"https:\/\/cnprsv.ro\/index.php?rest_route=%2Fwp%2Fv2%2Ftags&post=2444"}],"curies":[{"name":"wp","href":"https:\/\/api.w.org\/{rel}","templated":true}]}}