{"id":2668,"date":"2012-07-10T18:48:11","date_gmt":"2012-07-10T18:48:11","guid":{"rendered":"http:\/\/cnprsv.ro\/?p=2668"},"modified":"2024-10-11T15:43:11","modified_gmt":"2024-10-11T13:43:11","slug":"se-elibereaza-diplomele","status":"publish","type":"post","link":"https:\/\/cnprsv.ro\/?p=2668","title":{"rendered":"Se elibereaz\u0103 diplomele !"},"content":{"rendered":"<p><img loading=\"lazy\" decoding=\"async\" class=\"alignright size-full wp-image-2264\" title=\"toca absolvent\" src=\"https:\/\/cnprsv.ro\/wp-content\/uploads\/2012\/05\/a.jpg\" alt=\"\" width=\"224\" height=\"225\" srcset=\"https:\/\/cnprsv.ro\/wp-content\/uploads\/2012\/05\/a.jpg 224w, https:\/\/cnprsv.ro\/wp-content\/uploads\/2012\/05\/a-150x150.jpg 150w\" sizes=\"auto, (max-width: 224px) 100vw, 224px\" \/><\/p>\n<p>&nbsp;<\/p>\n<p>Absolven\u021bii claselor a XII-a care <span style=\"text-decoration: underline;\">NU au depus contesta\u021bie<\/span> \u00ee\u0219i vor ridica actele de studii miercuri, 11.07.2012, conform planific\u0103rii de mai jos, la sala 11.<\/p>\n<p>Absolven\u021bilor care au datorii la bibliotec\u0103 sau la internat (bunuri distruse) NU li se vor elibera actele dec\u00e2t dup\u0103 achitarea datoriei.<\/p>\n<p>La ridicarea actelor se va prezenta buletinul \/ cartea de identitate.<\/p>\n<p>&nbsp;<\/p>\n<p>V\u0102 RUG\u0102M RESPECTA\u021aI PROGRAMAREA !<\/p>\n<p>&nbsp;<\/p>\n<h2 style=\"padding-left: 30px;\"><strong>Clasa \u00a0 \u00a0 ora<\/strong><\/h2>\n<h2 style=\"padding-left: 30px;\">12 A\u00a0 &#8211;\u00a0 <em>9.00<\/em><\/h2>\n<h2 style=\"padding-left: 30px;\">12 B\u00a0 &#8211;\u00a0 <em>9.45<\/em><\/h2>\n<h2 style=\"padding-left: 30px;\">12 C\u00a0 &#8211;\u00a0 <em>10.20<\/em><\/h2>\n<h2 style=\"padding-left: 30px;\">12 D\u00a0 &#8211;\u00a0 <em>11.00<\/em><\/h2>\n<h2 style=\"padding-left: 30px;\">12 E\u00a0 &#8211;\u00a0 <em>12.00<\/em><\/h2>\n<h2 style=\"padding-left: 30px;\">12 F\u00a0 &#8211;\u00a0 <em>12.30<\/em><\/h2>\n<h2 style=\"padding-left: 30px;\">12 G\u00a0 &#8211;\u00a0 <em>13.00<\/em><\/h2>\n<h2 style=\"padding-left: 30px;\">12 H\u00a0 &#8211;\u00a0 <em>13.30<\/em><\/h2>\n","protected":false},"excerpt":{"rendered":"<p>&nbsp; Absolven\u021bii claselor a XII-a care NU au depus contesta\u021bie \u00ee\u0219i vor ridica actele de studii miercuri, 11.07.2012, conform planific\u0103rii de mai jos, la sala 11. Absolven\u021bilor care au datorii la bibliotec\u0103 sau la internat (bunuri distruse) NU li se<\/p>\n<div class=\"entry-read-more\"><a class=\"read-more-link\" href=\"https:\/\/cnprsv.ro\/?p=2668\">Read More<span class=\"cleanwp-sr-only\">  Se elibereaz\u0103 diplomele !<\/span><\/a><\/div>\n","protected":false},"author":1,"featured_media":0,"comment_status":"closed","ping_status":"open","sticky":false,"template":"","format":"standard","meta":{"_editorskit_title_hidden":false,"_editorskit_reading_time":0,"_editorskit_is_block_options_detached":false,"_editorskit_block_options_position":"{}","footnotes":""},"categories":[1],"tags":[],"class_list":["post-2668","post","type-post","status-publish","format-standard","hentry","category-uncategorized","wpcat-1-id"],"_links":{"self":[{"href":"https:\/\/cnprsv.ro\/index.php?rest_route=\/wp\/v2\/posts\/2668","targetHints":{"allow":["GET"]}}],"collection":[{"href":"https:\/\/cnprsv.ro\/index.php?rest_route=\/wp\/v2\/posts"}],"about":[{"href":"https:\/\/cnprsv.ro\/index.php?rest_route=\/wp\/v2\/types\/post"}],"author":[{"embeddable":true,"href":"https:\/\/cnprsv.ro\/index.php?rest_route=\/wp\/v2\/users\/1"}],"replies":[{"embeddable":true,"href":"https:\/\/cnprsv.ro\/index.php?rest_route=%2Fwp%2Fv2%2Fcomments&post=2668"}],"version-history":[{"count":3,"href":"https:\/\/cnprsv.ro\/index.php?rest_route=\/wp\/v2\/posts\/2668\/revisions"}],"predecessor-version":[{"id":12093,"href":"https:\/\/cnprsv.ro\/index.php?rest_route=\/wp\/v2\/posts\/2668\/revisions\/12093"}],"wp:attachment":[{"href":"https:\/\/cnprsv.ro\/index.php?rest_route=%2Fwp%2Fv2%2Fmedia&parent=2668"}],"wp:term":[{"taxonomy":"category","embeddable":true,"href":"https:\/\/cnprsv.ro\/index.php?rest_route=%2Fwp%2Fv2%2Fcategories&post=2668"},{"taxonomy":"post_tag","embeddable":true,"href":"https:\/\/cnprsv.ro\/index.php?rest_route=%2Fwp%2Fv2%2Ftags&post=2668"}],"curies":[{"name":"wp","href":"https:\/\/api.w.org\/{rel}","templated":true}]}}