{"id":2731,"date":"2012-09-12T11:42:10","date_gmt":"2012-09-12T11:42:10","guid":{"rendered":"http:\/\/cnprsv.ro\/?p=2731"},"modified":"2024-10-11T15:43:11","modified_gmt":"2024-10-11T13:43:11","slug":"sagetatorul-noi-premii-literare","status":"publish","type":"post","link":"https:\/\/cnprsv.ro\/?p=2731","title":{"rendered":"S\u0103get\u0103torul. Noi premii literare"},"content":{"rendered":"<p><img loading=\"lazy\" decoding=\"async\" class=\"alignright size-full wp-image-2455\" title=\"cenanclul sagetatorul\" src=\"https:\/\/cnprsv.ro\/wp-content\/uploads\/2012\/05\/cenanclul-sagetatorul.jpg\" alt=\"\" width=\"129\" height=\"128\" srcset=\"https:\/\/cnprsv.ro\/wp-content\/uploads\/2012\/05\/cenanclul-sagetatorul.jpg 300w, https:\/\/cnprsv.ro\/wp-content\/uploads\/2012\/05\/cenanclul-sagetatorul-150x150.jpg 150w\" sizes=\"auto, (max-width: 129px) 100vw, 129px\" \/><\/p>\n<p>Elevii Colegiului Na\u0163ional \u201cPetru Rare\u015f\u201d, membri ai Cenaclului literar jude\u0163ean \u201cS\u0103get\u0103torul\u201d (concursulsagetatorul@yahoo.com), coordonat de prof. Gheorghe C\u00eerstian (gheorghe_cirstian@yahoo.com), au ob\u0163inut noi premii la concursuri literare de prestigiu. Este vorba despre Ana-Maria Lupa\u015fcu, Deniz Otay, Clara C\u0103\u015funeanu, Elisabeta Maruseac, Dumitri\u0163a Bianca Ro\u015fioru (absolvente de anul acesta) \u015fi Ionela M\u0103d\u0103lina Grosu (clasa a XII-a H). Elisabeta Maruseac, Dumitri\u0163a Bianca Ro\u015fioru \u015fi Ana Maria Lupa\u015fcu vor participa, \u00een perioada 3-8 septembrie, al\u0103turi de prof. Gheorghe C\u00eerstian, la Tab\u0103ra na\u0163ional\u0103 \u201cTinere Condeie\u201d, organizat\u0103 de MECTS la Muncel &#8211; Ia\u015fi (ini\u0163iator \u015fi mentor: prof. dr. Tudor Opri\u015f; directorul taberei: prof. Paul Aretzu, poet \u015fi critic literar, redactor-\u015fef al revistei literare \u201cRamuri\u201d). De remarcat succesul tinerelor poete la Festivalul na\u0163ional de art\u0103 pentru liceeni LicArt, cel mai mare concurs pentru liceeni din Rom\u00e2nia, organizat de poetul \u015fi publicistul Radu Herjeu (www.licart.ro, <a href=\"http:\/\/www.crainou.ro\/?module=displaystory&amp;story_id=51551&amp;edition_id=6040&amp;format=html\">articol Crai Nou<\/a>).<\/p>\n<p>&nbsp;<\/p>\n<ul>\n<li>Concursul na\u0163ional de crea\u0163ie literar\u0103 \u201cTinere Condeie\u201d<\/li>\n<\/ul>\n<p style=\"padding-left: 60px;\">&#8211;\u00a0\u00a0\u00a0\u00a0\u00a0\u00a0\u00a0\u00a0 Ana-Maria Lupa\u015fcu, laureat\u0103 a etapei na\u0163ionale<\/p>\n<p style=\"padding-left: 60px;\">&#8211;\u00a0\u00a0\u00a0\u00a0\u00a0\u00a0\u00a0\u00a0 Deniz Otay, laureat\u0103 a etapei na\u0163ionale<\/p>\n<p style=\"padding-left: 60px;\">&#8211;\u00a0\u00a0\u00a0\u00a0\u00a0\u00a0\u00a0\u00a0 Dumitri\u0163a Bianca Ro\u015fioru, laureat\u0103 a etapei na\u0163ionale<\/p>\n<p style=\"padding-left: 60px;\">&#8211;\u00a0\u00a0\u00a0\u00a0\u00a0\u00a0\u00a0\u00a0 Elisabeta Maruseac, laureat\u0103 a etapei na\u0163ionale<\/p>\n<p style=\"padding-left: 60px;\">&#8211;\u00a0\u00a0\u00a0\u00a0\u00a0\u00a0\u00a0\u00a0 Clara C\u0103\u015funeanu, laureat\u0103 a etapei na\u0163ionale<\/p>\n<p>&nbsp;<\/p>\n<ul>\n<li>Festivalul na\u0163ional de art\u0103 pentru liceeni LicArt<\/li>\n<\/ul>\n<p style=\"padding-left: 60px;\">&#8211;\u00a0\u00a0\u00a0\u00a0\u00a0\u00a0\u00a0\u00a0 Ana-Maria Lupa\u015fcu, premiul I<\/p>\n<p style=\"padding-left: 60px;\">&#8211;\u00a0\u00a0\u00a0\u00a0\u00a0\u00a0\u00a0\u00a0 Deniz Otay, premiul al II-lea<\/p>\n<p style=\"padding-left: 60px;\">&#8211;\u00a0\u00a0\u00a0\u00a0\u00a0\u00a0\u00a0\u00a0 Ionela M\u0103d\u0103lina Grosu, finalist\u0103<\/p>\n<p>&nbsp;<\/p>\n<ul>\n<li>Festivalul na\u0163ional de poezie \u201cGellu Naum\u201d<\/li>\n<\/ul>\n<p style=\"padding-left: 60px;\">&#8211;\u00a0\u00a0\u00a0\u00a0\u00a0\u00a0\u00a0\u00a0 Ionela M\u0103d\u0103lina Grosu: premiul I<\/p>\n<p style=\"padding-left: 60px;\">&#8211;\u00a0\u00a0\u00a0\u00a0\u00a0\u00a0\u00a0\u00a0 Deniz Otay, premiul al II-lea<\/p>\n<p style=\"padding-left: 60px;\">&#8211;\u00a0\u00a0\u00a0\u00a0\u00a0\u00a0\u00a0\u00a0 Ana-Maria Lupa\u015fcu, premiul al III-lea<\/p>\n<p>&nbsp;<\/p>\n<ul>\n<li>Concursul na\u0163ional de crea\u0163ie literar\u0103 \u201cUnivers XXL\u201d<\/li>\n<\/ul>\n<p style=\"padding-left: 60px;\">&#8211;\u00a0\u00a0\u00a0\u00a0\u00a0\u00a0\u00a0\u00a0 Ionela M\u0103d\u0103lina Grosu: premiul al II-lea<\/p>\n<p>&nbsp;<\/p>\n<ul>\n<li>Concursul na\u0163ional de poezie \u201cTeodor Mur\u0103\u015fanu\u201d<\/li>\n<\/ul>\n<p style=\"padding-left: 60px;\">&#8211;\u00a0\u00a0\u00a0\u00a0\u00a0\u00a0\u00a0\u00a0 Ionela M\u0103d\u0103lina Grosu: premiul special<\/p>\n<p>&nbsp;<\/p>\n<ul>\n<li>Festivalul na\u021bional de poezie \u201cIoan Budai Deleanu\u201d<\/li>\n<\/ul>\n<p style=\"padding-left: 60px;\">&#8211;\u00a0\u00a0\u00a0\u00a0\u00a0\u00a0\u00a0\u00a0 Ionela M\u0103d\u0103lina Grosu: premiul al II-lea<\/p>\n<p>&nbsp;<\/p>\n<ul>\n<li>Concursul na\u021bional de crea\u0163ie literar\u0103 \u201cBogdania\u201d<\/li>\n<\/ul>\n<p style=\"padding-left: 60px;\">&#8211;\u00a0\u00a0\u00a0\u00a0\u00a0\u00a0\u00a0\u00a0 Ionela M\u0103d\u0103lina Grosu: men\u0163iune<\/p>\n<p>&nbsp;<\/p>\n<p>&nbsp;<\/p>\n<p style=\"text-align: right;\">A consemnat<\/p>\n<p style=\"text-align: right;\">Dumitri\u0163a Bianca Ro\u015fioru,<\/p>\n<p style=\"text-align: right;\">Secretarul Cenaclului literar \u201cS\u0103get\u0103torul\u201d<\/p>\n","protected":false},"excerpt":{"rendered":"<p>Elevii Colegiului Na\u0163ional \u201cPetru Rare\u015f\u201d, membri ai Cenaclului literar jude\u0163ean \u201cS\u0103get\u0103torul\u201d (concursulsagetatorul@yahoo.com), coordonat de prof. Gheorghe C\u00eerstian (gheorghe_cirstian@yahoo.com), au ob\u0163inut noi premii la concursuri literare de prestigiu. Este vorba despre Ana-Maria Lupa\u015fcu, Deniz Otay, Clara C\u0103\u015funeanu, Elisabeta Maruseac, Dumitri\u0163a Bianca<\/p>\n<div class=\"entry-read-more\"><a class=\"read-more-link\" href=\"https:\/\/cnprsv.ro\/?p=2731\">Read More<span class=\"cleanwp-sr-only\">  S\u0103get\u0103torul. Noi premii literare<\/span><\/a><\/div>\n","protected":false},"author":1,"featured_media":0,"comment_status":"closed","ping_status":"open","sticky":false,"template":"","format":"standard","meta":{"_editorskit_title_hidden":false,"_editorskit_reading_time":0,"_editorskit_is_block_options_detached":false,"_editorskit_block_options_position":"{}","footnotes":""},"categories":[1],"tags":[],"class_list":["post-2731","post","type-post","status-publish","format-standard","hentry","category-uncategorized","wpcat-1-id"],"_links":{"self":[{"href":"https:\/\/cnprsv.ro\/index.php?rest_route=\/wp\/v2\/posts\/2731","targetHints":{"allow":["GET"]}}],"collection":[{"href":"https:\/\/cnprsv.ro\/index.php?rest_route=\/wp\/v2\/posts"}],"about":[{"href":"https:\/\/cnprsv.ro\/index.php?rest_route=\/wp\/v2\/types\/post"}],"author":[{"embeddable":true,"href":"https:\/\/cnprsv.ro\/index.php?rest_route=\/wp\/v2\/users\/1"}],"replies":[{"embeddable":true,"href":"https:\/\/cnprsv.ro\/index.php?rest_route=%2Fwp%2Fv2%2Fcomments&post=2731"}],"version-history":[{"count":2,"href":"https:\/\/cnprsv.ro\/index.php?rest_route=\/wp\/v2\/posts\/2731\/revisions"}],"predecessor-version":[{"id":2742,"href":"https:\/\/cnprsv.ro\/index.php?rest_route=\/wp\/v2\/posts\/2731\/revisions\/2742"}],"wp:attachment":[{"href":"https:\/\/cnprsv.ro\/index.php?rest_route=%2Fwp%2Fv2%2Fmedia&parent=2731"}],"wp:term":[{"taxonomy":"category","embeddable":true,"href":"https:\/\/cnprsv.ro\/index.php?rest_route=%2Fwp%2Fv2%2Fcategories&post=2731"},{"taxonomy":"post_tag","embeddable":true,"href":"https:\/\/cnprsv.ro\/index.php?rest_route=%2Fwp%2Fv2%2Ftags&post=2731"}],"curies":[{"name":"wp","href":"https:\/\/api.w.org\/{rel}","templated":true}]}}