{"id":2805,"date":"2012-10-01T12:37:00","date_gmt":"2012-10-01T12:37:00","guid":{"rendered":"http:\/\/cnprsv.ro\/?p=2805"},"modified":"2024-10-11T15:43:11","modified_gmt":"2024-10-11T13:43:11","slug":"ziua-europeana-a-limbilor","status":"publish","type":"post","link":"https:\/\/cnprsv.ro\/?p=2805","title":{"rendered":"Ziua european\u0103 a limbilor"},"content":{"rendered":"<p><img loading=\"lazy\" decoding=\"async\" class=\"alignright size-full wp-image-2145\" title=\"SteagUE\" src=\"https:\/\/cnprsv.ro\/wp-content\/uploads\/2012\/03\/SteagUE.jpg\" alt=\"\" width=\"130\" height=\"130\" srcset=\"https:\/\/cnprsv.ro\/wp-content\/uploads\/2012\/03\/SteagUE.jpg 349w, https:\/\/cnprsv.ro\/wp-content\/uploads\/2012\/03\/SteagUE-150x150.jpg 150w, https:\/\/cnprsv.ro\/wp-content\/uploads\/2012\/03\/SteagUE-300x300.jpg 300w\" sizes=\"auto, (max-width: 130px) 100vw, 130px\" \/>Miercuri, 26 septembrie s-au desf\u0103\u015furat la CNPR ac\u0163iunile dedicate <em>Zilei Europene a Limbilor<\/em>. \u00cen activit\u0103\u0163i s-au implicat reprezentan\u0163i (elevi \u015fi profesori) ai tuturor sec\u0163iilor bilingve ale colegiului.<\/p>\n<p>Activit\u0103\u0163ile au debutat cu s\u0103rb\u0103torirea unui deceniu de <em>Proiect bilingv rom\u00e2no-francez<\/em> la Colegiul \u201ePetru Rare\u015f\u201d. Aula \u015fcolii a fost ne\u00eenc\u0103p\u0103toare pentru elevii claselor de francez\u0103 \u015fi a invita\u0163ilor, elevi de la \u015fcolile generale nr. 1 \u015fi nr. 3 din municipiu, care au asistat le prezentarea proiectelor multidisciplinare realizate \u00een cadrul proiectului francofon \u015fi a celorlalte activit\u0103\u0163i ale sec\u0163iei de francez\u0103. Au prezentat prof. Lumini\u0163a Mocanu, prof. Antonela Glaser \u015fi prof. Mariana Ro\u015fca.<\/p>\n<p>\u00cen acela\u015fi timp, \u00een laboratorul de fizic\u0103 s-a derulat ac\u0163iunea <em>Itinerar hispanic<\/em>, \u00een cadrul c\u0103reia elevii de la sec\u0163ia bilingv\u0103 rom\u00e2no-spaniol\u0103 au marcat pricipalele repere culturale \u015fi istorice ale Spaniei \u015fi au prezentat un moment de dans <em>Flamenco<\/em>.<\/p>\n<p>Elevii \u015fi profesorii claselor de german\u0103 au vizionat un mozaic de film german, au organizat un concurs de eseuri pe tema <em>Die Macht der Sprache<\/em> \u015fi au vizitat expozi\u0163ia de art\u0103 plastic\u0103 a prof. Ella Shlosberg deschis\u0103 la Muzeul Bucovinei.<\/p>\n<p>La finalul activit\u0103\u0163ilor, au fost \u00eenm\u00e2nate, \u00een cadru festiv diplomele de certificare a competen\u0163elor de limba englez\u0103 Cambridge.<\/p>\n","protected":false},"excerpt":{"rendered":"<p>Miercuri, 26 septembrie s-au desf\u0103\u015furat la CNPR ac\u0163iunile dedicate Zilei Europene a Limbilor. \u00cen activit\u0103\u0163i s-au implicat reprezentan\u0163i (elevi \u015fi profesori) ai tuturor sec\u0163iilor bilingve ale colegiului. Activit\u0103\u0163ile au debutat cu s\u0103rb\u0103torirea unui deceniu de Proiect bilingv rom\u00e2no-francez la Colegiul<\/p>\n<div class=\"entry-read-more\"><a class=\"read-more-link\" href=\"https:\/\/cnprsv.ro\/?p=2805\">Read More<span class=\"cleanwp-sr-only\">  Ziua european\u0103 a limbilor<\/span><\/a><\/div>\n","protected":false},"author":1,"featured_media":0,"comment_status":"closed","ping_status":"open","sticky":false,"template":"","format":"standard","meta":{"_editorskit_title_hidden":false,"_editorskit_reading_time":0,"_editorskit_is_block_options_detached":false,"_editorskit_block_options_position":"{}","footnotes":""},"categories":[1],"tags":[],"class_list":["post-2805","post","type-post","status-publish","format-standard","hentry","category-uncategorized","wpcat-1-id"],"_links":{"self":[{"href":"https:\/\/cnprsv.ro\/index.php?rest_route=\/wp\/v2\/posts\/2805","targetHints":{"allow":["GET"]}}],"collection":[{"href":"https:\/\/cnprsv.ro\/index.php?rest_route=\/wp\/v2\/posts"}],"about":[{"href":"https:\/\/cnprsv.ro\/index.php?rest_route=\/wp\/v2\/types\/post"}],"author":[{"embeddable":true,"href":"https:\/\/cnprsv.ro\/index.php?rest_route=\/wp\/v2\/users\/1"}],"replies":[{"embeddable":true,"href":"https:\/\/cnprsv.ro\/index.php?rest_route=%2Fwp%2Fv2%2Fcomments&post=2805"}],"version-history":[{"count":3,"href":"https:\/\/cnprsv.ro\/index.php?rest_route=\/wp\/v2\/posts\/2805\/revisions"}],"predecessor-version":[{"id":12090,"href":"https:\/\/cnprsv.ro\/index.php?rest_route=\/wp\/v2\/posts\/2805\/revisions\/12090"}],"wp:attachment":[{"href":"https:\/\/cnprsv.ro\/index.php?rest_route=%2Fwp%2Fv2%2Fmedia&parent=2805"}],"wp:term":[{"taxonomy":"category","embeddable":true,"href":"https:\/\/cnprsv.ro\/index.php?rest_route=%2Fwp%2Fv2%2Fcategories&post=2805"},{"taxonomy":"post_tag","embeddable":true,"href":"https:\/\/cnprsv.ro\/index.php?rest_route=%2Fwp%2Fv2%2Ftags&post=2805"}],"curies":[{"name":"wp","href":"https:\/\/api.w.org\/{rel}","templated":true}]}}