{"id":2818,"date":"2012-10-12T11:42:20","date_gmt":"2012-10-12T11:42:20","guid":{"rendered":"http:\/\/cnprsv.ro\/?p=2818"},"modified":"2024-10-11T15:43:11","modified_gmt":"2024-10-11T13:43:11","slug":"premii-literare-la-festivalul-national-de-poezie-nicolae-labis-2012","status":"publish","type":"post","link":"https:\/\/cnprsv.ro\/?p=2818","title":{"rendered":"Premii literare la Festivalul na\u0163ional de poezie \u201cNicolae Labi\u015f\u201d &#8211; 2012"},"content":{"rendered":"<p>\ufeff<img loading=\"lazy\" decoding=\"async\" class=\"alignright size-full wp-image-2821\" title=\"nicolae-labis\" src=\"https:\/\/cnprsv.ro\/wp-content\/uploads\/2012\/10\/nicolae-labis.jpg\" alt=\"\" width=\"158\" height=\"158\" srcset=\"https:\/\/cnprsv.ro\/wp-content\/uploads\/2012\/10\/nicolae-labis.jpg 320w, https:\/\/cnprsv.ro\/wp-content\/uploads\/2012\/10\/nicolae-labis-150x150.jpg 150w, https:\/\/cnprsv.ro\/wp-content\/uploads\/2012\/10\/nicolae-labis-300x300.jpg 300w\" sizes=\"auto, (max-width: 158px) 100vw, 158px\" \/><\/p>\n<p>Membrii Cenaclului literar \u201cS\u0103get\u0103torul\u201d au ob\u0163inut premii valoroase la Festivalul na\u0163ional de poezie \u201cNicolae Labi\u015f\u201d, desf\u0103\u015furat \u00een perioada 56 octombrie 2012, \u00a0la Suceava \u015fi M\u0103lini.<\/p>\n<p>&nbsp;<\/p>\n<p>Detalii: ziarul <a href=\"http:\/\/www.crainou.ro\/?module=displaystory&amp;story_id=52464&amp;edition_id=6070&amp;format=html\">Crai Nou<\/a><\/p>\n<p>&nbsp;<\/p>\n<ul>\n<li>Ana Maria Lupa\u015fcu (loc. Vama, jud. Suceava, absolvent\u0103 CNPR, \u00een prezent student\u0103 la Facultatea de Litere, Universitatea Bucure\u015fti): Premiul special (similar premiului I) \u201eNicolae Labi\u015f-21\u201d al Muzeului \u00a0Bucovinei \u015fi Premiul revistei \u201eZona literar\u0103\u201d din Ia\u015fi<\/li>\n<li>Anastasia Gavrilovici (loc. Ipote\u015fti, jud. Suceava, clasa a XI-a C): Premiul al III-lea \u015fi Premiul revistei \u201eConta\u201d din Piatra Neam\u0163<\/li>\n<li>Lavinia Ienceanu (mun. Suceava, absolvent\u0103 CNPR, \u00een prezent student\u0103 la Facultatea de Litere, Universitatea \u201cAl. I. Cuza\u201d Ia\u015fi): Premiul revistei \u201eSteaua\u201d din Cluj-Napoca<\/li>\n<li>Ionela M\u0103d\u0103lina Grosu (loc. Todire\u015fti, jud. Suceava, clasa a XII-a H): Premiul revistei \u201eTribuna\u201d din Cluj-Napoca<\/li>\n<li>Mara-Diana Alexoaea (mun. Suceava, clasa XI-a B): Premiul revistei \u201eOra\u015ful\u201d din Cluj-Napoca<\/li>\n<li>Eduard-Florian Buhac (mun. Suceava, clasa a XI-a A): Premiul revistei \u201ePorto-Fanco\u201d din Gala\u0163i<\/li>\n<\/ul>\n<p>&nbsp;<\/p>\n<p>Felicit\u0103ri \u015fi&#8230; Poezie bun\u0103!<\/p>\n<p>&nbsp;<\/p>\n<p><img loading=\"lazy\" decoding=\"async\" class=\"aligncenter size-full wp-image-2820\" title=\"LABIS 2\" src=\"https:\/\/cnprsv.ro\/wp-content\/uploads\/2012\/10\/LABIS-2.jpeg\" alt=\"\" width=\"800\" height=\"483\" srcset=\"https:\/\/cnprsv.ro\/wp-content\/uploads\/2012\/10\/LABIS-2.jpeg 800w, https:\/\/cnprsv.ro\/wp-content\/uploads\/2012\/10\/LABIS-2-300x181.jpg 300w\" sizes=\"auto, (max-width: 800px) 100vw, 800px\" \/><\/p>\n<p>&nbsp;<\/p>\n<p><img loading=\"lazy\" decoding=\"async\" class=\"aligncenter size-full wp-image-2819\" title=\"LABIS 1\" src=\"https:\/\/cnprsv.ro\/wp-content\/uploads\/2012\/10\/LABIS-1.jpg\" alt=\"\" width=\"576\" height=\"472\" srcset=\"https:\/\/cnprsv.ro\/wp-content\/uploads\/2012\/10\/LABIS-1.jpg 576w, https:\/\/cnprsv.ro\/wp-content\/uploads\/2012\/10\/LABIS-1-300x245.jpg 300w\" sizes=\"auto, (max-width: 576px) 100vw, 576px\" \/><\/p>\n","protected":false},"excerpt":{"rendered":"<p>\ufeff Membrii Cenaclului literar \u201cS\u0103get\u0103torul\u201d au ob\u0163inut premii valoroase la Festivalul na\u0163ional de poezie \u201cNicolae Labi\u015f\u201d, desf\u0103\u015furat \u00een perioada 56 octombrie 2012, \u00a0la Suceava \u015fi M\u0103lini. &nbsp; Detalii: ziarul Crai Nou &nbsp; Ana Maria Lupa\u015fcu (loc. Vama, jud. Suceava, absolvent\u0103<\/p>\n<div class=\"entry-read-more\"><a class=\"read-more-link\" href=\"https:\/\/cnprsv.ro\/?p=2818\">Read More<span class=\"cleanwp-sr-only\">  Premii literare la Festivalul na\u0163ional de poezie \u201cNicolae Labi\u015f\u201d &#8211; 2012<\/span><\/a><\/div>\n","protected":false},"author":1,"featured_media":0,"comment_status":"closed","ping_status":"open","sticky":false,"template":"","format":"standard","meta":{"_editorskit_title_hidden":false,"_editorskit_reading_time":0,"_editorskit_is_block_options_detached":false,"_editorskit_block_options_position":"{}","footnotes":""},"categories":[1],"tags":[],"class_list":["post-2818","post","type-post","status-publish","format-standard","hentry","category-uncategorized","wpcat-1-id"],"_links":{"self":[{"href":"https:\/\/cnprsv.ro\/index.php?rest_route=\/wp\/v2\/posts\/2818","targetHints":{"allow":["GET"]}}],"collection":[{"href":"https:\/\/cnprsv.ro\/index.php?rest_route=\/wp\/v2\/posts"}],"about":[{"href":"https:\/\/cnprsv.ro\/index.php?rest_route=\/wp\/v2\/types\/post"}],"author":[{"embeddable":true,"href":"https:\/\/cnprsv.ro\/index.php?rest_route=\/wp\/v2\/users\/1"}],"replies":[{"embeddable":true,"href":"https:\/\/cnprsv.ro\/index.php?rest_route=%2Fwp%2Fv2%2Fcomments&post=2818"}],"version-history":[{"count":2,"href":"https:\/\/cnprsv.ro\/index.php?rest_route=\/wp\/v2\/posts\/2818\/revisions"}],"predecessor-version":[{"id":2824,"href":"https:\/\/cnprsv.ro\/index.php?rest_route=\/wp\/v2\/posts\/2818\/revisions\/2824"}],"wp:attachment":[{"href":"https:\/\/cnprsv.ro\/index.php?rest_route=%2Fwp%2Fv2%2Fmedia&parent=2818"}],"wp:term":[{"taxonomy":"category","embeddable":true,"href":"https:\/\/cnprsv.ro\/index.php?rest_route=%2Fwp%2Fv2%2Fcategories&post=2818"},{"taxonomy":"post_tag","embeddable":true,"href":"https:\/\/cnprsv.ro\/index.php?rest_route=%2Fwp%2Fv2%2Ftags&post=2818"}],"curies":[{"name":"wp","href":"https:\/\/api.w.org\/{rel}","templated":true}]}}