{"id":2922,"date":"2012-11-22T11:10:09","date_gmt":"2012-11-22T11:10:09","guid":{"rendered":"http:\/\/cnprsv.ro\/?p=2922"},"modified":"2024-10-11T15:43:11","modified_gmt":"2024-10-11T13:43:11","slug":"a-doua-editie-a-campaniei-internationale-mai-curat","status":"publish","type":"post","link":"https:\/\/cnprsv.ro\/?p=2922","title":{"rendered":"A doua edi\u0163ie a Campaniei Interna\u0163ionale \u201cMai curat\u201d"},"content":{"rendered":"<p><img loading=\"lazy\" decoding=\"async\" class=\"alignright size-full wp-image-2925\" title=\"young reporters for the environment\" src=\"https:\/\/cnprsv.ro\/wp-content\/uploads\/2012\/11\/young-reporters-for-the-environment.jpg\" alt=\"\" width=\"97\" height=\"97\" \/>C.C.D.G. Rom\u00e2nia, cu sprijinul F.E.E. \u015fi al Funda\u0163iei Wrigley, lanseaz\u0103 cea de-a doua edi\u0163ie a\u00a0Campaniei Interna\u0163ionale \u201cMai curat\u201d (Litter Less Campaign)\u00a0&#8211; anul \u015fcolar 2012\/2013.<\/p>\n<p>Litter Less este o campanie interna\u0163ional\u0103 din cadrul Programului Tineri Reporteri pentru Mediu(YRE), ce are ca scop implicarea \u015fi educarea tinerilor \u00een problema de\u015feurilor \u015fi a gunoiului menajer, \u00eencuranj\u00e2ndu-i s\u0103 fac\u0103 alegeri pozitive pentru mediu.<\/p>\n<p>Elevii cu v\u00e2rste cuprinse \u00eentre 11 \u015fi 21 de ani,\u00a0care doresc s\u0103 ac\u0163ioneze ca \u201cjurnali\u015fti de mediu\u201d, \u00een investigarea problemelor locale privind de\u015feurile \u015fi gunoiul menajer, pot participa la Campania \u201cMai curat\u201d.<\/p>\n<p><span style=\"text-decoration: underline;\">Pasul 1:<\/span> \u00eenscrierea elevilor se face direct pe site-ul campaniei\u00a0<a href=\"http:\/\/www.yre-litterless.org\/\" target=\"_blank\" rel=\"noopener\">www.yre-litterless.org\/<\/a> p\u00e2n\u0103 la 01 decembrie 2012; dintr-o \u0219coal\u0103 pot participa mai mul\u021bi elevi, individual sau \u00een echipe de c\u00e2te 2;<\/p>\n<p><span style=\"text-decoration: underline;\">Pasul 2:<\/span> realizarea investiga\u021biei de mediu de c\u0103tre elevii \u00eenscri\u0219i \u00een campanie sub \u00eendrumarea profesorului coordonator \u0219i redactarea unor reportaje \/ realizarea unor fotografii \u0219i\/sau filmule\u021be (max. 3 min);<\/p>\n<p><span style=\"text-decoration: underline;\">Pasul 3:<\/span> mediatizarea rezultatelor investiga\u021biei elevilor \u00een mijloacele media (site-ul sau revista \u0219colii, ziare \/ posturi tv locale, regionale, na\u021bionale, facebook);<\/p>\n<p><span style=\"text-decoration: underline;\">Pasul 4:<\/span> \u00eenc\u0103rcarea materialelor jurnalistice (articole, fotografii, filmule\u021be) pe site-ul campaniei\u00a0<a href=\"http:\/\/www.yre-litterless.org\/\" target=\"_blank\" rel=\"noopener\">www.yre-litterless.org\/<\/a> p\u00e2n\u0103 la 22 aprilie 2013.<\/p>\n<p>Munca \u201ctinerilor jurnali\u015fti\u201d va fi apreciat\u0103 de un juriu na\u021bional (se acord\u0103 premii relevante: ex.: \u00eenc\u0103rc\u0103toare solare, aparate de fotografiat, camere video), iar c\u00e2\u015ftig\u0103torii vor concura pentru un premiu interna\u0163ional YRE.<\/p>\n<p>C\u00e2\u015ftig\u0103torii selecta\u0163i \u00een urma juriz\u0103rii interna\u0163ionale vor participa la misiunea interna\u0163ional\u0103 YRE &#8211; un workshop, \u00een cadrul c\u0103ruia vor realiza o investiga\u0163ie de mediu \u00eempreun\u0103 \u015fi vor veni cu propuneri pentru reducerea cantit\u0103\u0163ii de de\u015feuri aruncate de popula\u0163ie.<\/p>\n<p>&nbsp;<\/p>\n<p>To\u021bi elevii \u0219i profesorii coordonatori \u00eenscri\u0219i \u00een campania Litter Less vor primi certificate de participare, cu semn\u0103tura coordonatorului interna\u021bional.<\/p>\n<p>&nbsp;<\/p>\n<p>Pentru mai multe informa\u0163ii privind Campania \u201cLitter Less &#8211; Mai curat\u201d, ne pute\u0163i contacta\u00a0\u00a0pe mail sau telephonic.<\/p>\n<p>CENTRUL CARPATO-DANUBIAN DE GEOECOLOGIE<\/p>\n<p>Tel:\u00a0031.410.35.24<\/p>\n<p>E-mail:\u00a0<a href=\"mailto:ccdgro@yahoo.com\" target=\"_blank\" rel=\"noopener\">ccdgro@yahoo.com<\/a><\/p>\n<p>&nbsp;<\/p>\n<p>&nbsp;<\/p>\n<p>&nbsp;<\/p>\n","protected":false},"excerpt":{"rendered":"<p>C.C.D.G. Rom\u00e2nia, cu sprijinul F.E.E. \u015fi al Funda\u0163iei Wrigley, lanseaz\u0103 cea de-a doua edi\u0163ie a\u00a0Campaniei Interna\u0163ionale \u201cMai curat\u201d (Litter Less Campaign)\u00a0&#8211; anul \u015fcolar 2012\/2013. Litter Less este o campanie interna\u0163ional\u0103 din cadrul Programului Tineri Reporteri pentru Mediu(YRE), ce are ca<\/p>\n<div class=\"entry-read-more\"><a class=\"read-more-link\" href=\"https:\/\/cnprsv.ro\/?p=2922\">Read More<span class=\"cleanwp-sr-only\">  A doua edi\u0163ie a Campaniei Interna\u0163ionale \u201cMai curat\u201d<\/span><\/a><\/div>\n","protected":false},"author":1,"featured_media":0,"comment_status":"closed","ping_status":"open","sticky":false,"template":"","format":"standard","meta":{"_editorskit_title_hidden":false,"_editorskit_reading_time":0,"_editorskit_is_block_options_detached":false,"_editorskit_block_options_position":"{}","footnotes":""},"categories":[1],"tags":[],"class_list":["post-2922","post","type-post","status-publish","format-standard","hentry","category-uncategorized","wpcat-1-id"],"_links":{"self":[{"href":"https:\/\/cnprsv.ro\/index.php?rest_route=\/wp\/v2\/posts\/2922","targetHints":{"allow":["GET"]}}],"collection":[{"href":"https:\/\/cnprsv.ro\/index.php?rest_route=\/wp\/v2\/posts"}],"about":[{"href":"https:\/\/cnprsv.ro\/index.php?rest_route=\/wp\/v2\/types\/post"}],"author":[{"embeddable":true,"href":"https:\/\/cnprsv.ro\/index.php?rest_route=\/wp\/v2\/users\/1"}],"replies":[{"embeddable":true,"href":"https:\/\/cnprsv.ro\/index.php?rest_route=%2Fwp%2Fv2%2Fcomments&post=2922"}],"version-history":[{"count":3,"href":"https:\/\/cnprsv.ro\/index.php?rest_route=\/wp\/v2\/posts\/2922\/revisions"}],"predecessor-version":[{"id":12085,"href":"https:\/\/cnprsv.ro\/index.php?rest_route=\/wp\/v2\/posts\/2922\/revisions\/12085"}],"wp:attachment":[{"href":"https:\/\/cnprsv.ro\/index.php?rest_route=%2Fwp%2Fv2%2Fmedia&parent=2922"}],"wp:term":[{"taxonomy":"category","embeddable":true,"href":"https:\/\/cnprsv.ro\/index.php?rest_route=%2Fwp%2Fv2%2Fcategories&post=2922"},{"taxonomy":"post_tag","embeddable":true,"href":"https:\/\/cnprsv.ro\/index.php?rest_route=%2Fwp%2Fv2%2Ftags&post=2922"}],"curies":[{"name":"wp","href":"https:\/\/api.w.org\/{rel}","templated":true}]}}