{"id":3081,"date":"2013-01-18T15:20:40","date_gmt":"2013-01-18T15:20:40","guid":{"rendered":"http:\/\/cnprsv.ro\/?p=3081"},"modified":"2024-10-11T15:43:11","modified_gmt":"2024-10-11T13:43:11","slug":"muzica-intre-stiinta-si-arta","status":"publish","type":"post","link":"https:\/\/cnprsv.ro\/?p=3081","title":{"rendered":"\u201dMuzica, \u00eentre \u0219tiin\u021b\u0103 \u0219i art\u0103\u201d"},"content":{"rendered":"<p><img loading=\"lazy\" decoding=\"async\" class=\"alignright  wp-image-3082\" title=\"pian\" src=\"https:\/\/cnprsv.ro\/wp-content\/uploads\/2013\/01\/pian.jpg\" alt=\"\" width=\"149\" height=\"167\" srcset=\"https:\/\/cnprsv.ro\/wp-content\/uploads\/2013\/01\/pian.jpg 557w, https:\/\/cnprsv.ro\/wp-content\/uploads\/2013\/01\/pian-267x300.jpg 267w\" sizes=\"auto, (max-width: 149px) 100vw, 149px\" \/>Biblioteca Bucovinei &#8221;I. G. Sbiera&#8221; Suceava, \u00een parteneriat cu Colegiul de Art\u0103 &#8221;Ciprian Porumbescu&#8221; din Suceava, lanseaza un nou proiect cultural pentru anii 2013-2014,\u00a0<strong>MUZICA, \u00ceNTRE \u015eTIIN\u0162\u0102 \u015eI ART\u0102<\/strong>, destinat publicului amator de muzica clasic\u0103, \u00een special tinerilor din \u015fcolile \u015fi facult\u0103\u0163ile din Bucovina care doresc s\u0103-\u015fi perfec\u0163ioneze educa\u0163ia muzical\u0103 \u015fi s\u0103 interpreteze piese ale unor compozitori rom\u00e2ni \u015fi str\u0103ini \u00een fa\u0163a colegilor, profesorilor \u015fi a altor participan\u0163i la manifest\u0103ri.<\/p>\n<p>Fiecare eveniment din agenda proiectului va debuta cu o prelegere pe teme muzicale sau de interferen\u0163e \u00eentre muzic\u0103, \u015ftiin\u0163e \u015fi arte, sus\u0163inut\u0103 de prof. Elena Istrate, de la Colegiul de Art\u0103 &#8221;Ciprian Porumbescu&#8221;, sau de al\u0163i invita\u0163i \u015fi se va \u00eencheia cu un microrecital muzical, \u00een prim plan fiind tineri talenta\u0163i din jude\u0163ul Suceava.<\/p>\n<p>Prima edi\u0163ie a manifest\u0103rii va avea loc luni, 21 ianuarie 2013, ora 17,30, la Sala de Art\u0103 &#8221;Elena Greculesi&#8221;. Dup\u0103 prezentarea doamnei prof. Elena Istrate intitulat\u0103 sugestiv &#8221;Fe\u0163ele Sunetului&#8221;, vor sus\u0163ine un microrecital patru elevi talenta\u0163i de la Colegiul de Art\u0103 &#8221;Ciprian Porumbescu&#8221;:\u00a0 Nicolae Constantinescu, Giorgiana G\u0103itan, Ramona Slab \u015fi Eugen Tobo\u015f.<\/p>\n","protected":false},"excerpt":{"rendered":"<p>Biblioteca Bucovinei &#8221;I. G. Sbiera&#8221; Suceava, \u00een parteneriat cu Colegiul de Art\u0103 &#8221;Ciprian Porumbescu&#8221; din Suceava, lanseaza un nou proiect cultural pentru anii 2013-2014,\u00a0MUZICA, \u00ceNTRE \u015eTIIN\u0162\u0102 \u015eI ART\u0102, destinat publicului amator de muzica clasic\u0103, \u00een special tinerilor din \u015fcolile \u015fi<\/p>\n<div class=\"entry-read-more\"><a class=\"read-more-link\" href=\"https:\/\/cnprsv.ro\/?p=3081\">Read More<span class=\"cleanwp-sr-only\">  \u201dMuzica, \u00eentre \u0219tiin\u021b\u0103 \u0219i art\u0103\u201d<\/span><\/a><\/div>\n","protected":false},"author":1,"featured_media":0,"comment_status":"closed","ping_status":"open","sticky":false,"template":"","format":"standard","meta":{"_editorskit_title_hidden":false,"_editorskit_reading_time":0,"_editorskit_is_block_options_detached":false,"_editorskit_block_options_position":"{}","footnotes":""},"categories":[1],"tags":[],"class_list":["post-3081","post","type-post","status-publish","format-standard","hentry","category-uncategorized","wpcat-1-id"],"_links":{"self":[{"href":"https:\/\/cnprsv.ro\/index.php?rest_route=\/wp\/v2\/posts\/3081","targetHints":{"allow":["GET"]}}],"collection":[{"href":"https:\/\/cnprsv.ro\/index.php?rest_route=\/wp\/v2\/posts"}],"about":[{"href":"https:\/\/cnprsv.ro\/index.php?rest_route=\/wp\/v2\/types\/post"}],"author":[{"embeddable":true,"href":"https:\/\/cnprsv.ro\/index.php?rest_route=\/wp\/v2\/users\/1"}],"replies":[{"embeddable":true,"href":"https:\/\/cnprsv.ro\/index.php?rest_route=%2Fwp%2Fv2%2Fcomments&post=3081"}],"version-history":[{"count":2,"href":"https:\/\/cnprsv.ro\/index.php?rest_route=\/wp\/v2\/posts\/3081\/revisions"}],"predecessor-version":[{"id":12076,"href":"https:\/\/cnprsv.ro\/index.php?rest_route=\/wp\/v2\/posts\/3081\/revisions\/12076"}],"wp:attachment":[{"href":"https:\/\/cnprsv.ro\/index.php?rest_route=%2Fwp%2Fv2%2Fmedia&parent=3081"}],"wp:term":[{"taxonomy":"category","embeddable":true,"href":"https:\/\/cnprsv.ro\/index.php?rest_route=%2Fwp%2Fv2%2Fcategories&post=3081"},{"taxonomy":"post_tag","embeddable":true,"href":"https:\/\/cnprsv.ro\/index.php?rest_route=%2Fwp%2Fv2%2Ftags&post=3081"}],"curies":[{"name":"wp","href":"https:\/\/api.w.org\/{rel}","templated":true}]}}