{"id":3103,"date":"2013-01-22T10:22:04","date_gmt":"2013-01-22T10:22:04","guid":{"rendered":"http:\/\/cnprsv.ro\/?p=3103"},"modified":"2024-10-11T15:43:11","modified_gmt":"2024-10-11T13:43:11","slug":"alecart","status":"publish","type":"post","link":"https:\/\/cnprsv.ro\/?p=3103","title":{"rendered":"ALECART"},"content":{"rendered":"<p><img loading=\"lazy\" decoding=\"async\" class=\"alignright size-full wp-image-2455\" title=\"cenanclul sagetatorul\" src=\"https:\/\/cnprsv.ro\/wp-content\/uploads\/2012\/05\/cenanclul-sagetatorul.jpg\" alt=\"\" width=\"130\" height=\"130\" srcset=\"https:\/\/cnprsv.ro\/wp-content\/uploads\/2012\/05\/cenanclul-sagetatorul.jpg 300w, https:\/\/cnprsv.ro\/wp-content\/uploads\/2012\/05\/cenanclul-sagetatorul-150x150.jpg 150w\" sizes=\"auto, (max-width: 130px) 100vw, 130px\" \/><\/p>\n<p>&nbsp;<\/p>\n<p>Joi, 24 ianuarie 2013, reprezentan\u021bi ai cenaclului literar \u201cS\u0103get\u0103torul\u201d vor participa la ac\u021biunile dedicate lans\u0103rii num\u0103rului 9 al revistei de atitudine cultural\u0103 ALECART.<\/p>\n<p>&nbsp;<\/p>\n<p>&nbsp;<\/p>\n<p>&nbsp;<\/p>\n<p>&nbsp;<\/p>\n<table border=\"0\">\n<tbody>\n<tr>\n<td><a href=\"https:\/\/cnprsv.ro\/wp-content\/uploads\/2013\/01\/AFIS_LANSARE_ALECART.jpg\" rel=\"lightbox[3103]\"><img loading=\"lazy\" decoding=\"async\" class=\"aligncenter  wp-image-3104\" title=\"AFIS_LANSARE_ALECART\" src=\"https:\/\/cnprsv.ro\/wp-content\/uploads\/2013\/01\/AFIS_LANSARE_ALECART.jpg\" alt=\"\" width=\"270\" height=\"382\" srcset=\"https:\/\/cnprsv.ro\/wp-content\/uploads\/2013\/01\/AFIS_LANSARE_ALECART.jpg 679w, https:\/\/cnprsv.ro\/wp-content\/uploads\/2013\/01\/AFIS_LANSARE_ALECART-212x300.jpg 212w\" sizes=\"auto, (max-width: 270px) 100vw, 270px\" \/><\/a><\/td>\n<td><a href=\"https:\/\/cnprsv.ro\/wp-content\/uploads\/2013\/01\/AFIS_CENACLU_IASI.jpg\" rel=\"lightbox[3103]\"><img loading=\"lazy\" decoding=\"async\" class=\"aligncenter  wp-image-3105\" title=\"AFIS_CENACLU_IASI\" src=\"https:\/\/cnprsv.ro\/wp-content\/uploads\/2013\/01\/AFIS_CENACLU_IASI.jpg\" alt=\"\" width=\"277\" height=\"392\" \/><\/a><\/td>\n<\/tr>\n<\/tbody>\n<\/table>\n","protected":false},"excerpt":{"rendered":"<p>&nbsp; Joi, 24 ianuarie 2013, reprezentan\u021bi ai cenaclului literar \u201cS\u0103get\u0103torul\u201d vor participa la ac\u021biunile dedicate lans\u0103rii num\u0103rului 9 al revistei de atitudine cultural\u0103 ALECART. &nbsp; &nbsp; &nbsp; &nbsp;<\/p>\n","protected":false},"author":1,"featured_media":0,"comment_status":"closed","ping_status":"open","sticky":false,"template":"","format":"standard","meta":{"_editorskit_title_hidden":false,"_editorskit_reading_time":0,"_editorskit_is_block_options_detached":false,"_editorskit_block_options_position":"{}","footnotes":""},"categories":[1],"tags":[],"class_list":["post-3103","post","type-post","status-publish","format-standard","hentry","category-uncategorized","wpcat-1-id"],"_links":{"self":[{"href":"https:\/\/cnprsv.ro\/index.php?rest_route=\/wp\/v2\/posts\/3103","targetHints":{"allow":["GET"]}}],"collection":[{"href":"https:\/\/cnprsv.ro\/index.php?rest_route=\/wp\/v2\/posts"}],"about":[{"href":"https:\/\/cnprsv.ro\/index.php?rest_route=\/wp\/v2\/types\/post"}],"author":[{"embeddable":true,"href":"https:\/\/cnprsv.ro\/index.php?rest_route=\/wp\/v2\/users\/1"}],"replies":[{"embeddable":true,"href":"https:\/\/cnprsv.ro\/index.php?rest_route=%2Fwp%2Fv2%2Fcomments&post=3103"}],"version-history":[{"count":3,"href":"https:\/\/cnprsv.ro\/index.php?rest_route=\/wp\/v2\/posts\/3103\/revisions"}],"predecessor-version":[{"id":12074,"href":"https:\/\/cnprsv.ro\/index.php?rest_route=\/wp\/v2\/posts\/3103\/revisions\/12074"}],"wp:attachment":[{"href":"https:\/\/cnprsv.ro\/index.php?rest_route=%2Fwp%2Fv2%2Fmedia&parent=3103"}],"wp:term":[{"taxonomy":"category","embeddable":true,"href":"https:\/\/cnprsv.ro\/index.php?rest_route=%2Fwp%2Fv2%2Fcategories&post=3103"},{"taxonomy":"post_tag","embeddable":true,"href":"https:\/\/cnprsv.ro\/index.php?rest_route=%2Fwp%2Fv2%2Ftags&post=3103"}],"curies":[{"name":"wp","href":"https:\/\/api.w.org\/{rel}","templated":true}]}}