{"id":3743,"date":"2013-05-28T20:15:28","date_gmt":"2013-05-28T20:15:28","guid":{"rendered":"http:\/\/cnprsv.ro\/?p=3743"},"modified":"2024-10-11T15:42:58","modified_gmt":"2024-10-11T13:42:58","slug":"proiectul-international-donau-verbindet-dunarea-uneste","status":"publish","type":"post","link":"https:\/\/cnprsv.ro\/?p=3743","title":{"rendered":"Proiectul Interna\u021bional  \u201eDonau  Verbindet\u201c  (\u201eDun\u0103rea Une\u0219te\u201c)"},"content":{"rendered":"<p><img loading=\"lazy\" decoding=\"async\" class=\"alignright size-full wp-image-1082\" title=\"steagul-germaniei\" src=\"https:\/\/cnprsv.ro\/wp-content\/uploads\/2011\/05\/steagul-germaniei.jpg\" alt=\"\" width=\"129\" height=\"102\" srcset=\"https:\/\/cnprsv.ro\/wp-content\/uploads\/2011\/05\/steagul-germaniei.jpg 388w, https:\/\/cnprsv.ro\/wp-content\/uploads\/2011\/05\/steagul-germaniei-300x238.jpg 300w\" sizes=\"auto, (max-width: 129px) 100vw, 129px\" \/>Elevi din clasele bilingve de matematic\u0103-informatic\u0103-german\u0103 (11F) \u0219i filologie-german\u0103 (11B), ce urmeaz\u0103 s\u0103 sus\u021bin\u0103 DSD-ul au participat la cel mai mare proiect de p\u00e2n\u0103 acum al <strong>PASCH-Initiative, \u00ee<\/strong>n colaborare cu <strong>Zentralstelle f\u00fcr das Auslandsschulwesen, Ministerul de Externe German, Institutul Goethe, DAAD \u0219i Conferin\u021ba Ministerelor de Cultur\u0103 din Germania<\/strong>.<\/p>\n<p>Elevi din Rom\u00e2nia, Republica Moldova, Bulgaria, Serbia, Croa\u021bia, Slovacia, Ucraina, Ungaria, Austria \u0219i Germania au lucrat timp de doi ani \u00eempreun\u0103 la proiectul multina\u021bional \u201cDonau verbindet\u201d.<\/p>\n<p>Finala proiectului a avut loc \u00een perioada 21-25 mai 2013 la Constan\u021ba, gazd\u0103 fiind Colegiul Na\u021bional \u201cMircea cel B\u0103tr\u00e2n\u201d. \u00cen cadrul finalei a fost prezentat\u0103 o expozi\u021bie organizat\u0103 de \u0219coli din toate \u021b\u0103rile prin care trece Dun\u0103rea, prezente la eveniment. Au participat reprezentantii \u00a0institu\u021biilor \u0219colare din proiect, conduc\u0103torul proiectului, dl. Michael Habenbacher (Consultant de specialitate pentru Bulgaria), to\u021bi consultan\u021bii de specialitate din Rom\u00e2nia \u0219i din celalalte \u021b\u0103ri, directorii colegiului,\u00a0 precum \u0219i inspectorul general din Ministerul Educa\u021biei Na\u021bionale, dl. Sorin Giurumescu, profesori din Germania \u0219i Rom\u00e2nia \u0219i, bine\u00een\u021beles, elevii.<\/p>\n<p>Reprezentan\u021bii Colegiului Na\u021bional \u201cPetru Rare\u0219\u201d: Adelina Bejinaru, Magda Jureschi, Diana Papuc,\u00a0 Eduard Ani, Flavius Cojocariu, \u0218tefan Lahman, Adrian Lupa\u0219cu \u0219i Andrei Vizeteu au realizat, \u00eempreun\u0103 cu profesoara lor de german\u0103, Ella Shlosberg,\u00a0 trei filme pe durata celor doi ani \u00een care s-a desf\u0103\u0219urat proiectul: <strong>\u201cSelma Meerbaum-Eisinger-Ein Tagebuchfilm\u201d (Selma Meerbaum-Eisinger-Un film jurnal)<\/strong>, <strong>\u201cDas Schicksal der Juden aus Suceava in der Bukowina\u201d (Destinul evreilor din Suceava \u00een Bucovina)<\/strong> \u0219i un film despre \u00eent\u00e2lnirea interna\u021bional\u0103 organizat\u0103 pentru realizarea proiectului la Timi\u0219oara. Cristiana Lucaci a c\u00e2\u0219tigat un concurs de literatur\u0103 \u0219i o burs\u0103 \u00een Germania.<\/p>\n<p>Filmul \u201cSelma Meerbaum-Eisinger \u2013 Ein Tagebuchfilm\u201d a fost prezentat la Constan\u021ba, \u00een cadrul unei expozi\u021bii realizate de elevii colegiului nostru.<\/p>\n<div id='gallery-1' class='gallery galleryid-3743 gallery-columns-3 gallery-size-thumbnail'><figure class='gallery-item'>\n\t\t\t<div class='gallery-icon landscape'>\n\t\t\t\t<a href='https:\/\/cnprsv.ro\/wp-content\/uploads\/2013\/05\/2013_mai_expozitia_proiectului.jpg' rel=\"lightbox[3743]\"><img loading=\"lazy\" decoding=\"async\" width=\"150\" height=\"150\" src=\"https:\/\/cnprsv.ro\/wp-content\/uploads\/2013\/05\/2013_mai_expozitia_proiectului-150x150.jpg\" class=\"attachment-thumbnail size-thumbnail\" alt=\"\" \/><\/a>\n\t\t\t<\/div><\/figure><figure class='gallery-item'>\n\t\t\t<div class='gallery-icon landscape'>\n\t\t\t\t<a href='https:\/\/cnprsv.ro\/wp-content\/uploads\/2013\/05\/2013_mai_decernarea_diplomelor.jpg' rel=\"lightbox[3743]\"><img loading=\"lazy\" decoding=\"async\" width=\"150\" height=\"150\" src=\"https:\/\/cnprsv.ro\/wp-content\/uploads\/2013\/05\/2013_mai_decernarea_diplomelor-150x150.jpg\" class=\"attachment-thumbnail size-thumbnail\" alt=\"\" \/><\/a>\n\t\t\t<\/div><\/figure><figure class='gallery-item'>\n\t\t\t<div class='gallery-icon landscape'>\n\t\t\t\t<a href='https:\/\/cnprsv.ro\/wp-content\/uploads\/2013\/05\/2013_mai_excursi_Delta.jpg' rel=\"lightbox[3743]\"><img loading=\"lazy\" decoding=\"async\" width=\"150\" height=\"150\" src=\"https:\/\/cnprsv.ro\/wp-content\/uploads\/2013\/05\/2013_mai_excursi_Delta-150x150.jpg\" class=\"attachment-thumbnail size-thumbnail\" alt=\"\" \/><\/a>\n\t\t\t<\/div><\/figure>\n\t\t<\/div>\n\n<p>&nbsp;<\/p>\n<p>&nbsp;<\/p>\n","protected":false},"excerpt":{"rendered":"<p>Elevi din clasele bilingve de matematic\u0103-informatic\u0103-german\u0103 (11F) \u0219i filologie-german\u0103 (11B), ce urmeaz\u0103 s\u0103 sus\u021bin\u0103 DSD-ul au participat la cel mai mare proiect de p\u00e2n\u0103 acum al PASCH-Initiative, \u00een colaborare cu Zentralstelle f\u00fcr das Auslandsschulwesen, Ministerul de Externe German, Institutul Goethe,<\/p>\n<div class=\"entry-read-more\"><a class=\"read-more-link\" href=\"https:\/\/cnprsv.ro\/?p=3743\">Read More<span class=\"cleanwp-sr-only\">  Proiectul Interna\u021bional  \u201eDonau  Verbindet\u201c  (\u201eDun\u0103rea Une\u0219te\u201c)<\/span><\/a><\/div>\n","protected":false},"author":1,"featured_media":0,"comment_status":"closed","ping_status":"open","sticky":false,"template":"","format":"standard","meta":{"_editorskit_title_hidden":false,"_editorskit_reading_time":0,"_editorskit_is_block_options_detached":false,"_editorskit_block_options_position":"{}","footnotes":""},"categories":[1],"tags":[],"class_list":["post-3743","post","type-post","status-publish","format-standard","hentry","category-uncategorized","wpcat-1-id"],"_links":{"self":[{"href":"https:\/\/cnprsv.ro\/index.php?rest_route=\/wp\/v2\/posts\/3743","targetHints":{"allow":["GET"]}}],"collection":[{"href":"https:\/\/cnprsv.ro\/index.php?rest_route=\/wp\/v2\/posts"}],"about":[{"href":"https:\/\/cnprsv.ro\/index.php?rest_route=\/wp\/v2\/types\/post"}],"author":[{"embeddable":true,"href":"https:\/\/cnprsv.ro\/index.php?rest_route=\/wp\/v2\/users\/1"}],"replies":[{"embeddable":true,"href":"https:\/\/cnprsv.ro\/index.php?rest_route=%2Fwp%2Fv2%2Fcomments&post=3743"}],"version-history":[{"count":3,"href":"https:\/\/cnprsv.ro\/index.php?rest_route=\/wp\/v2\/posts\/3743\/revisions"}],"predecessor-version":[{"id":11984,"href":"https:\/\/cnprsv.ro\/index.php?rest_route=\/wp\/v2\/posts\/3743\/revisions\/11984"}],"wp:attachment":[{"href":"https:\/\/cnprsv.ro\/index.php?rest_route=%2Fwp%2Fv2%2Fmedia&parent=3743"}],"wp:term":[{"taxonomy":"category","embeddable":true,"href":"https:\/\/cnprsv.ro\/index.php?rest_route=%2Fwp%2Fv2%2Fcategories&post=3743"},{"taxonomy":"post_tag","embeddable":true,"href":"https:\/\/cnprsv.ro\/index.php?rest_route=%2Fwp%2Fv2%2Ftags&post=3743"}],"curies":[{"name":"wp","href":"https:\/\/api.w.org\/{rel}","templated":true}]}}