{"id":3771,"date":"2013-05-28T21:04:57","date_gmt":"2013-05-28T21:04:57","guid":{"rendered":"http:\/\/cnprsv.ro\/?p=3771"},"modified":"2024-10-11T15:42:58","modified_gmt":"2024-10-11T13:42:58","slug":"serile-studentesti-usv","status":"publish","type":"post","link":"https:\/\/cnprsv.ro\/?p=3771","title":{"rendered":"Serile Studen\u021be\u0219ti USV"},"content":{"rendered":"<p><a href=\"https:\/\/cnprsv.ro\/wp-content\/uploads\/2013\/05\/Afis_Serile_Studentesti_Sapt_1_2013_New.jpg\" rel=\"lightbox[3771]\"><img loading=\"lazy\" decoding=\"async\" class=\"alignright  wp-image-3772\" title=\"Print\" src=\"https:\/\/cnprsv.ro\/wp-content\/uploads\/2013\/05\/Afis_Serile_Studentesti_Sapt_1_2013_New.jpg\" alt=\"\" width=\"226\" height=\"226\" srcset=\"https:\/\/cnprsv.ro\/wp-content\/uploads\/2013\/05\/Afis_Serile_Studentesti_Sapt_1_2013_New.jpg 1181w, https:\/\/cnprsv.ro\/wp-content\/uploads\/2013\/05\/Afis_Serile_Studentesti_Sapt_1_2013_New-150x150.jpg 150w, https:\/\/cnprsv.ro\/wp-content\/uploads\/2013\/05\/Afis_Serile_Studentesti_Sapt_1_2013_New-300x300.jpg 300w, https:\/\/cnprsv.ro\/wp-content\/uploads\/2013\/05\/Afis_Serile_Studentesti_Sapt_1_2013_New-1024x1024.jpg 1024w\" sizes=\"auto, (max-width: 226px) 100vw, 226px\" \/><\/a><\/p>\n<p>\u00cen perioada 28 mai \u2013 6 iunie are loc la USV Suceava cea de a doua edi\u021bie a <em>Serilor Studen\u021be\u0219ti <\/em>USV. Vor fi spectacole de teatru, film, muzic\u0103, dans, dar \u0219i \u00eent\u00e2lniri \u0219i dezbateri. \u00a0Intrarea este liber\u0103. Ca element de noutate \u00een acest an a fost instalat un ecran de proiec\u021bie de 5mX3m \u00een Gr\u0103dina Englezeasc\u0103 ecran pe care, dac\u0103 vremea va permite, se vor putea urm\u0103ri diverse filme \u0219i proiectii video \u00ceN AER LIBER.<br \/>\nCrosul USV se va desf\u0103\u0219ura JOI pe traseul Parcul Universit\u0103\u021bii &#8211; Cetatea de Scaun (\u0219i retur).<\/p>\n<p>Programul pentru prima s\u0103pt\u0103m\u00e2n\u0103:<\/p>\n<p><strong>MAR\u021aI<\/strong> 28 mai 2013, ora 19:30<br \/>\nGr\u0103dina Englezeasc\u0103, Corp D<br \/>\n&#8211; T\u00e2rgul asocia\u021biilor studen\u021be\u0219ti &#8211; prezent\u0103ri, muzic\u0103, spectacol<\/p>\n<p>&#8211; Ora devoratorilor de publicitate (comentat\u0103 de Lect.univ.dr. Ovidiu Ghiu\u021b\u0103)<\/p>\n<p>&#8211; Zumba Dance Party (coordonat de Andreea &#8211; instructor licen\u021biat Zumba Fitness)<\/p>\n<p>&#8211; Progressive House \/ Trance &#8211; DJ Tesla System.<\/p>\n<p><strong>MIERCURI<\/strong> 29 mai 2013, ora 19:30<br \/>\nAuditorium &#8222;Joseph Schmidt&#8221;, Corp F &#8211; TEATRU: \u201dCine \u0219tie ce aduc zorile\u201d (Teatrul Studen\u021besc Bucure\u0219ti)<br \/>\nGr\u0103dina Englezeasc\u0103, Corp D &#8211; FILM (ora 21:00) \u201dThe Social Network\u201d \u00a0(povestea Facebook)<br \/>\nSear\u0103 organizat\u0103 \u00een colaborare cu Fitzuica Suceava.<\/p>\n<p><strong>JOI<\/strong> 30 mai 2013, ora 19:30<br \/>\nGr\u0103dina Englezeasc\u0103, Corp D<\/p>\n<p>&#8211; CROSUL USV (Traseu: Parcul Universit\u0103\u021bii &#8211; Cetatea de Scaun \u0219i retur).<\/p>\n<p>&#8211; FILM (ora 21:00): \u201dThe Tourist\u201d cu \u00a0Angelina Jolie \u0219i Johnny Depp<\/p>\n<p><strong>VINERI<\/strong> 31 mai 2013, ora 19:30<br \/>\nAuditorium &#8222;Joseph Schmidt&#8221;, Corp F<\/p>\n<p>&#8211; Recital instrumental: Doina Grigore (pian) \u0219i Lucian Reu\u021b (vioar\u0103), &#8211; Universitatea de Arte &#8222;George Enescu&#8221; din Ia\u0219i<br \/>\nSear\u0103 organizat\u0103 \u00een colaborare cu Centrul Cultural Bucovina.<\/p>\n<p>Pentru cea de a doua saptamana urmeaz\u0103, printre altele:<br \/>\nConcerte Studen\u021be\u0219ti, Cvartetul de chitar\u0103 clasic\u0103 <em>Alhambra<\/em>, Teatrul Fabulinus, Ansamblul Arcanul USV, Fanfara Bucovina, Odyssey<\/p>\n<p>&nbsp;<\/p>\n<p>&nbsp;<\/p>\n","protected":false},"excerpt":{"rendered":"<p>\u00cen perioada 28 mai \u2013 6 iunie are loc la USV Suceava cea de a doua edi\u021bie a Serilor Studen\u021be\u0219ti USV. Vor fi spectacole de teatru, film, muzic\u0103, dans, dar \u0219i \u00eent\u00e2lniri \u0219i dezbateri. \u00a0Intrarea este liber\u0103. Ca element de<\/p>\n<div class=\"entry-read-more\"><a class=\"read-more-link\" href=\"https:\/\/cnprsv.ro\/?p=3771\">Read More<span class=\"cleanwp-sr-only\">  Serile Studen\u021be\u0219ti USV<\/span><\/a><\/div>\n","protected":false},"author":1,"featured_media":0,"comment_status":"closed","ping_status":"open","sticky":false,"template":"","format":"standard","meta":{"_editorskit_title_hidden":false,"_editorskit_reading_time":0,"_editorskit_is_block_options_detached":false,"_editorskit_block_options_position":"{}","footnotes":""},"categories":[1],"tags":[],"class_list":["post-3771","post","type-post","status-publish","format-standard","hentry","category-uncategorized","wpcat-1-id"],"_links":{"self":[{"href":"https:\/\/cnprsv.ro\/index.php?rest_route=\/wp\/v2\/posts\/3771","targetHints":{"allow":["GET"]}}],"collection":[{"href":"https:\/\/cnprsv.ro\/index.php?rest_route=\/wp\/v2\/posts"}],"about":[{"href":"https:\/\/cnprsv.ro\/index.php?rest_route=\/wp\/v2\/types\/post"}],"author":[{"embeddable":true,"href":"https:\/\/cnprsv.ro\/index.php?rest_route=\/wp\/v2\/users\/1"}],"replies":[{"embeddable":true,"href":"https:\/\/cnprsv.ro\/index.php?rest_route=%2Fwp%2Fv2%2Fcomments&post=3771"}],"version-history":[{"count":3,"href":"https:\/\/cnprsv.ro\/index.php?rest_route=\/wp\/v2\/posts\/3771\/revisions"}],"predecessor-version":[{"id":11981,"href":"https:\/\/cnprsv.ro\/index.php?rest_route=\/wp\/v2\/posts\/3771\/revisions\/11981"}],"wp:attachment":[{"href":"https:\/\/cnprsv.ro\/index.php?rest_route=%2Fwp%2Fv2%2Fmedia&parent=3771"}],"wp:term":[{"taxonomy":"category","embeddable":true,"href":"https:\/\/cnprsv.ro\/index.php?rest_route=%2Fwp%2Fv2%2Fcategories&post=3771"},{"taxonomy":"post_tag","embeddable":true,"href":"https:\/\/cnprsv.ro\/index.php?rest_route=%2Fwp%2Fv2%2Ftags&post=3771"}],"curies":[{"name":"wp","href":"https:\/\/api.w.org\/{rel}","templated":true}]}}