{"id":3777,"date":"2013-05-29T16:30:49","date_gmt":"2013-05-29T16:30:49","guid":{"rendered":"http:\/\/cnprsv.ro\/?p=3777"},"modified":"2024-10-11T15:42:58","modified_gmt":"2024-10-11T13:42:58","slug":"vernisaj","status":"publish","type":"post","link":"https:\/\/cnprsv.ro\/?p=3777","title":{"rendered":"Vernisaj"},"content":{"rendered":"<p><img loading=\"lazy\" decoding=\"async\" class=\"alignright size-full wp-image-593\" title=\"sigla CNPR\" src=\"https:\/\/cnprsv.ro\/wp-content\/uploads\/2011\/03\/wings.png\" alt=\"\" width=\"100\" height=\"97\" \/>Biblioteca Bucovinei &#8221;I.G. Sbiera&#8221;, \u00een parteneriat cu Consiliul Jude\u0163ean Suceava \u015fi Colegiul Na\u0163ional &#8221;Petru Rare\u015f&#8221; din Suceava v\u0103 invit\u0103 joi, 30 mai a.c., ora 14.00, la Sala de Art\u0103 &#8221;Elena Greculesi&#8221;, la vernisarea expozi\u0163iei de fotografie &#8221;Austrian Dream&#8221; a artistului plastic \u015fi scriitorului sucevean Constantin Severin. Aceea\u015fi expozi\u0163ie a fost vernisat\u0103 s\u0103pt\u0103m\u00e2na trecut\u0103 la Institutul Bancar Rom\u00e2n din Bucure\u015fti, la Forumul pentru Inovare Social\u0103 Dun\u0103re-Marea Neagr\u0103, \u00een prezen\u0163a ambasadorului Austriei la Bucure\u015fti, E. S. Dr. Michael Schwarzinger \u015fi a altor oficiali rom\u00e2ni \u015fi str\u0103ini.<\/p>\n<p>Cu acest prilej va fi lansat primul album de art\u0103 al artistului, ap\u0103rut recent la editura Tipo Moldova din Ia\u015fi, \u00een edi\u0163ie bilingv\u0103, rom\u00e2n\u0103-englez\u0103, \u00een condi\u0163ii grafice excep\u0163ionale, av\u00e2nd 281 de pagini \u015fi 105 ilustra\u0163ii color.<\/p>\n<p>V\u0103 a\u0219tept\u0103m!<\/p>\n<p>&nbsp;<\/p>\n<p>&nbsp;<\/p>\n<p>&nbsp;<\/p>\n<p>&nbsp;<\/p>\n","protected":false},"excerpt":{"rendered":"<p>Biblioteca Bucovinei &#8221;I.G. Sbiera&#8221;, \u00een parteneriat cu Consiliul Jude\u0163ean Suceava \u015fi Colegiul Na\u0163ional &#8221;Petru Rare\u015f&#8221; din Suceava v\u0103 invit\u0103 joi, 30 mai a.c., ora 14.00, la Sala de Art\u0103 &#8221;Elena Greculesi&#8221;, la vernisarea expozi\u0163iei de fotografie &#8221;Austrian Dream&#8221; a artistului<\/p>\n<div class=\"entry-read-more\"><a class=\"read-more-link\" href=\"https:\/\/cnprsv.ro\/?p=3777\">Read More<span class=\"cleanwp-sr-only\">  Vernisaj<\/span><\/a><\/div>\n","protected":false},"author":1,"featured_media":0,"comment_status":"closed","ping_status":"open","sticky":false,"template":"","format":"standard","meta":{"_editorskit_title_hidden":false,"_editorskit_reading_time":0,"_editorskit_is_block_options_detached":false,"_editorskit_block_options_position":"{}","footnotes":""},"categories":[1],"tags":[],"class_list":["post-3777","post","type-post","status-publish","format-standard","hentry","category-uncategorized","wpcat-1-id"],"_links":{"self":[{"href":"https:\/\/cnprsv.ro\/index.php?rest_route=\/wp\/v2\/posts\/3777","targetHints":{"allow":["GET"]}}],"collection":[{"href":"https:\/\/cnprsv.ro\/index.php?rest_route=\/wp\/v2\/posts"}],"about":[{"href":"https:\/\/cnprsv.ro\/index.php?rest_route=\/wp\/v2\/types\/post"}],"author":[{"embeddable":true,"href":"https:\/\/cnprsv.ro\/index.php?rest_route=\/wp\/v2\/users\/1"}],"replies":[{"embeddable":true,"href":"https:\/\/cnprsv.ro\/index.php?rest_route=%2Fwp%2Fv2%2Fcomments&post=3777"}],"version-history":[{"count":3,"href":"https:\/\/cnprsv.ro\/index.php?rest_route=\/wp\/v2\/posts\/3777\/revisions"}],"predecessor-version":[{"id":11979,"href":"https:\/\/cnprsv.ro\/index.php?rest_route=\/wp\/v2\/posts\/3777\/revisions\/11979"}],"wp:attachment":[{"href":"https:\/\/cnprsv.ro\/index.php?rest_route=%2Fwp%2Fv2%2Fmedia&parent=3777"}],"wp:term":[{"taxonomy":"category","embeddable":true,"href":"https:\/\/cnprsv.ro\/index.php?rest_route=%2Fwp%2Fv2%2Fcategories&post=3777"},{"taxonomy":"post_tag","embeddable":true,"href":"https:\/\/cnprsv.ro\/index.php?rest_route=%2Fwp%2Fv2%2Ftags&post=3777"}],"curies":[{"name":"wp","href":"https:\/\/api.w.org\/{rel}","templated":true}]}}