{"id":3878,"date":"2013-06-12T14:03:40","date_gmt":"2013-06-12T14:03:40","guid":{"rendered":"http:\/\/cnprsv.ro\/?p=3878"},"modified":"2024-10-11T15:42:58","modified_gmt":"2024-10-11T13:42:58","slug":"vizita-la-colegiul-national-petru-rares","status":"publish","type":"post","link":"https:\/\/cnprsv.ro\/?p=3878","title":{"rendered":"Vizit\u0103 la Colegiul Na\u021bional Petru Rare\u0219"},"content":{"rendered":"<p><img loading=\"lazy\" decoding=\"async\" class=\"alignright size-full wp-image-593\" title=\"sigla CNPR\" src=\"https:\/\/cnprsv.ro\/wp-content\/uploads\/2011\/03\/wings.png\" alt=\"\" width=\"100\" height=\"97\" \/><\/p>\n<p>Miercuri, 5 iunie 2013, Colegiul nostru a avut musafiri de vaz\u0103. Este vorba de domnul Alain Ramette, directorul Institutului Francez din Ia\u0219i, \u0219i de doamna Iolanda Vasiliu, directoare de cursuri\u00a0a aceleia\u015fi institu\u0163ii.<\/p>\n<p>Cei doi oaspe\u021bi s-au \u00eentre\u021binut cu domnul Constantin Tiron, inspector \u015fcolar de specialitate pentru limbi moderne, cu echipa managerial\u0103 a colegiului (doamna directoare Daniela Dungeanu \u0219i doamna \u00a0directoare adjunct\u0103 Anca Greculeac), dar \u0219i cu echipa de profesori ai sec\u021biei bilingve francofone, membri ai catedrei de limba francez\u0103 sau profesori care predau \u00een limba francez\u0103 o disciplin\u0103 non-lingvistic\u0103, respectiv matematica, biologia, informatica, fizica, geografia, istoria.<\/p>\n<p>Discu\u021biile au vizat diversificarea \u0219i intensificarea\u00a0colabor\u0103rii pe multiple planuri \u00eentre Colegiul nostru \u0219i Institutul Francez din Ia\u015fi. Colaborarea vizeaz\u0103 \u00eentreg jude\u021bul Suceava, cu beneficii at\u00e2t pentru popula\u021bia \u0219colar\u0103, c\u00e2t \u0219i pentru personalul didactic.<\/p>\n<p>Oaspe\u021bilor li s-a prezentat de c\u0103tre doamna directoare Anca Greculeac o parte dintre activit\u0103\u021bile \u0219colare \u0219i extra\u0219colare ale sec\u021biei bilingve francofone.<\/p>\n<p>\u00cen plus, cei doi diriguitori ai Institutului Francez din Ia\u015fi s-au \u00eentre\u021binut \u0219i cu elevii sec\u021biilor bilingve francofone. Elevii claselor a XI-a le-au prezentat oaspe\u0163ilor no\u015ftri cele dou\u0103 module interdisciplinare la care au lucrat pe parcursul acestui an \u0219colar \u0219i cu care au participat la proba anticipat\u0103 a bacalaureatului francofon.<\/p>\n<p>&nbsp;<\/p>\n<p align=\"right\">Profesor Antonela Glaser<\/p>\n<p style=\"text-align: left;\" align=\"right\">\n","protected":false},"excerpt":{"rendered":"<p>Miercuri, 5 iunie 2013, Colegiul nostru a avut musafiri de vaz\u0103. Este vorba de domnul Alain Ramette, directorul Institutului Francez din Ia\u0219i, \u0219i de doamna Iolanda Vasiliu, directoare de cursuri\u00a0a aceleia\u015fi institu\u0163ii. Cei doi oaspe\u021bi s-au \u00eentre\u021binut cu domnul Constantin<\/p>\n<div class=\"entry-read-more\"><a class=\"read-more-link\" href=\"https:\/\/cnprsv.ro\/?p=3878\">Read More<span class=\"cleanwp-sr-only\">  Vizit\u0103 la Colegiul Na\u021bional Petru Rare\u0219<\/span><\/a><\/div>\n","protected":false},"author":1,"featured_media":0,"comment_status":"closed","ping_status":"open","sticky":false,"template":"","format":"standard","meta":{"_editorskit_title_hidden":false,"_editorskit_reading_time":0,"_editorskit_is_block_options_detached":false,"_editorskit_block_options_position":"{}","footnotes":""},"categories":[1],"tags":[],"class_list":["post-3878","post","type-post","status-publish","format-standard","hentry","category-uncategorized","wpcat-1-id"],"_links":{"self":[{"href":"https:\/\/cnprsv.ro\/index.php?rest_route=\/wp\/v2\/posts\/3878","targetHints":{"allow":["GET"]}}],"collection":[{"href":"https:\/\/cnprsv.ro\/index.php?rest_route=\/wp\/v2\/posts"}],"about":[{"href":"https:\/\/cnprsv.ro\/index.php?rest_route=\/wp\/v2\/types\/post"}],"author":[{"embeddable":true,"href":"https:\/\/cnprsv.ro\/index.php?rest_route=\/wp\/v2\/users\/1"}],"replies":[{"embeddable":true,"href":"https:\/\/cnprsv.ro\/index.php?rest_route=%2Fwp%2Fv2%2Fcomments&post=3878"}],"version-history":[{"count":3,"href":"https:\/\/cnprsv.ro\/index.php?rest_route=\/wp\/v2\/posts\/3878\/revisions"}],"predecessor-version":[{"id":11969,"href":"https:\/\/cnprsv.ro\/index.php?rest_route=\/wp\/v2\/posts\/3878\/revisions\/11969"}],"wp:attachment":[{"href":"https:\/\/cnprsv.ro\/index.php?rest_route=%2Fwp%2Fv2%2Fmedia&parent=3878"}],"wp:term":[{"taxonomy":"category","embeddable":true,"href":"https:\/\/cnprsv.ro\/index.php?rest_route=%2Fwp%2Fv2%2Fcategories&post=3878"},{"taxonomy":"post_tag","embeddable":true,"href":"https:\/\/cnprsv.ro\/index.php?rest_route=%2Fwp%2Fv2%2Ftags&post=3878"}],"curies":[{"name":"wp","href":"https:\/\/api.w.org\/{rel}","templated":true}]}}