{"id":3885,"date":"2013-06-13T10:35:46","date_gmt":"2013-06-13T10:35:46","guid":{"rendered":"http:\/\/cnprsv.ro\/?p=3885"},"modified":"2024-10-11T15:42:58","modified_gmt":"2024-10-11T13:42:58","slug":"festivalul-national-de-arte-pentru-liceeni-editia-a-12-a","status":"publish","type":"post","link":"https:\/\/cnprsv.ro\/?p=3885","title":{"rendered":"Festivalul Na\u0163ional de Arte pentru Liceeni, edi\u0163ia a 12-a"},"content":{"rendered":"<p><img loading=\"lazy\" decoding=\"async\" class=\"alignright size-full wp-image-2455\" title=\"cenanclul sagetatorul\" src=\"https:\/\/cnprsv.ro\/wp-content\/uploads\/2012\/05\/cenanclul-sagetatorul.jpg\" alt=\"\" width=\"178\" height=\"178\" srcset=\"https:\/\/cnprsv.ro\/wp-content\/uploads\/2012\/05\/cenanclul-sagetatorul.jpg 300w, https:\/\/cnprsv.ro\/wp-content\/uploads\/2012\/05\/cenanclul-sagetatorul-150x150.jpg 150w\" sizes=\"auto, (max-width: 178px) 100vw, 178px\" \/>Poezie, Bucurie\u2026<\/p>\n<p>Festivalul Na\u0163ional de Arte pentru Liceeni, edi\u0163ia a 12-a<\/p>\n<p>Marele Juriu al sec\u0163iunii Poezie, format din poetul R\u0103zvan \u0162upa, criticul literar Paul Cernat \u015fi scriitorul \u015fi criticul literar Marius Chivu, a desemnat finali\u015ftii actualei edi\u0163ii a celui mai mare concurs din Rom\u00e2nia \u2013 LicArt.<\/p>\n<p>Din cei 10 finali\u015fti, 6 sunt din Suceava, 5 fiind elevi ai Colegiului Na\u0163ional \u201cPetru Rare\u015f\u201d, membri ai Cenaclului literar \u201cS\u0103get\u0103torul\u201d, coordonat de prof. Gheorghe C\u00eerstian.<\/p>\n<p>Este vorba despre Ionela M\u0103d\u0103lina Grosu (XII), Maria Gavrilovici (XII), Anastasia Gavrilovici (XI), Mara Diana Alexoaea (XI), Lavinia Nechifor (IX). Lor li se al\u0103tur\u0103 Florin Negru de la Colegiul Na\u0163ional \u201cSpiru Haret\u201d.<\/p>\n<p>\u00centre semifinali\u015ftii edi\u0163iei s-au aflat cenacli\u015ftii Daniela Bejinariu (X) \u015fi Estera Stanciuc (IX).<\/p>\n<p>Felicit\u0103ri tuturor!<\/p>\n<p>Cei 10 finali\u015fti vor participa, \u00een luna august, la Tab\u0103ra de Crea\u0163ie, organizat\u0103 la Poiana Bra\u015fov.<\/p>\n<p>Reamintim c\u0103 la edi\u0163ia din 2012 premiul I a fost ob\u0163inut de Ana-Maria Lupa\u015fcu, iar premiul al II-lea i-a revenit lui Deniz Otay, ambele creatoare fiind membre ale Cenaclului literar \u201cS\u0103get\u0103torul\u201d.<\/p>\n<p>Directorul Festivalului este scriitorul \u015fi publicistul Radu Herjeu (http:\/\/raduherjeu.ro\/).<\/p>\n<p>Detalii: \u00a0<a href=\"http:\/\/www.licart.ro\/\">http:\/\/www.licart.ro\/<\/a><\/p>\n<p>&nbsp;<\/p>\n<p>&nbsp;<\/p>\n<p>&nbsp;<\/p>\n","protected":false},"excerpt":{"rendered":"<p>Poezie, Bucurie\u2026 Festivalul Na\u0163ional de Arte pentru Liceeni, edi\u0163ia a 12-a Marele Juriu al sec\u0163iunii Poezie, format din poetul R\u0103zvan \u0162upa, criticul literar Paul Cernat \u015fi scriitorul \u015fi criticul literar Marius Chivu, a desemnat finali\u015ftii actualei edi\u0163ii a celui mai<\/p>\n<div class=\"entry-read-more\"><a class=\"read-more-link\" href=\"https:\/\/cnprsv.ro\/?p=3885\">Read More<span class=\"cleanwp-sr-only\">  Festivalul Na\u0163ional de Arte pentru Liceeni, edi\u0163ia a 12-a<\/span><\/a><\/div>\n","protected":false},"author":1,"featured_media":0,"comment_status":"closed","ping_status":"open","sticky":false,"template":"","format":"standard","meta":{"_editorskit_title_hidden":false,"_editorskit_reading_time":0,"_editorskit_is_block_options_detached":false,"_editorskit_block_options_position":"{}","footnotes":""},"categories":[1],"tags":[],"class_list":["post-3885","post","type-post","status-publish","format-standard","hentry","category-uncategorized","wpcat-1-id"],"_links":{"self":[{"href":"https:\/\/cnprsv.ro\/index.php?rest_route=\/wp\/v2\/posts\/3885","targetHints":{"allow":["GET"]}}],"collection":[{"href":"https:\/\/cnprsv.ro\/index.php?rest_route=\/wp\/v2\/posts"}],"about":[{"href":"https:\/\/cnprsv.ro\/index.php?rest_route=\/wp\/v2\/types\/post"}],"author":[{"embeddable":true,"href":"https:\/\/cnprsv.ro\/index.php?rest_route=\/wp\/v2\/users\/1"}],"replies":[{"embeddable":true,"href":"https:\/\/cnprsv.ro\/index.php?rest_route=%2Fwp%2Fv2%2Fcomments&post=3885"}],"version-history":[{"count":2,"href":"https:\/\/cnprsv.ro\/index.php?rest_route=\/wp\/v2\/posts\/3885\/revisions"}],"predecessor-version":[{"id":3889,"href":"https:\/\/cnprsv.ro\/index.php?rest_route=\/wp\/v2\/posts\/3885\/revisions\/3889"}],"wp:attachment":[{"href":"https:\/\/cnprsv.ro\/index.php?rest_route=%2Fwp%2Fv2%2Fmedia&parent=3885"}],"wp:term":[{"taxonomy":"category","embeddable":true,"href":"https:\/\/cnprsv.ro\/index.php?rest_route=%2Fwp%2Fv2%2Fcategories&post=3885"},{"taxonomy":"post_tag","embeddable":true,"href":"https:\/\/cnprsv.ro\/index.php?rest_route=%2Fwp%2Fv2%2Ftags&post=3885"}],"curies":[{"name":"wp","href":"https:\/\/api.w.org\/{rel}","templated":true}]}}