{"id":3897,"date":"2013-06-17T13:42:18","date_gmt":"2013-06-17T13:42:18","guid":{"rendered":"http:\/\/cnprsv.ro\/?p=3897"},"modified":"2024-10-11T15:42:58","modified_gmt":"2024-10-11T13:42:58","slug":"cenaclul-literar-sagetatorul-premii-noi","status":"publish","type":"post","link":"https:\/\/cnprsv.ro\/?p=3897","title":{"rendered":"Cenaclul literar \u201cS\u0103get\u0103torul\u201d: premii noi."},"content":{"rendered":"<p><img loading=\"lazy\" decoding=\"async\" class=\"alignright  wp-image-2455\" title=\"cenanclul sagetatorul\" src=\"https:\/\/cnprsv.ro\/wp-content\/uploads\/2012\/05\/cenanclul-sagetatorul.jpg\" alt=\"\" width=\"190\" height=\"190\" srcset=\"https:\/\/cnprsv.ro\/wp-content\/uploads\/2012\/05\/cenanclul-sagetatorul.jpg 300w, https:\/\/cnprsv.ro\/wp-content\/uploads\/2012\/05\/cenanclul-sagetatorul-150x150.jpg 150w\" sizes=\"auto, (max-width: 190px) 100vw, 190px\" \/>Eleva Estera STANCIUC, clasa a IX-a C, a ob\u0163inut premiul I la Concursul Interna\u0163ional de Poezie \u201cPeregrin\u0103ri\u201d, organizat de Centrul de Excelen\u0163\u0103 \u00een Promovarea Creativit\u0103\u0163ii Rom\u00e2ne\u015fti DUBLIN \u2013 IRLANDA. Felicit\u0103ri!<\/p>\n<p>Detalii: <a href=\"http:\/\/hopernicus.falezedepiatra.net\/CentruldePromovareaCulturiiDUBLIN\/category\/concurs-peregrinari-poezie\/\">http:\/\/hopernicus.falezedepiatra.net\/<\/a><\/p>\n<p>&nbsp;<\/p>\n<p>Eleva Lavinia NECHIFOR, clasa a IX-a C, a c\u00e2\u015ftigat Premiul Editurii Vinea \u015fi premiul revistelor \u201eHyperion\u201d, \u201ePoesis\u201d, \u201eArge\u015f\u201d, \u201eAteneu\u201d, \u201eRamuri\u201d la Concursul Na\u0163ional de Poezie \u015fi Interpretare Critic\u0103 a Operei Eminesciene \u201ePorni Luceaf\u0103rul\u2026\u201d. Felicit\u0103ri!<\/p>\n<p>Detalii: <a href=\"http:\/\/www.agendadeiasi.ro\/foto\/15-continut\/34875-zilele-mihai-eminescu-2013-la-botosani-si-ipotesti-vezi-castigatorii-concursului-natioanl-de-poezie-si-interpretare-critica-a-operei-eminesciene-porni-luceafarul-galerie-foto.html\">http:\/\/www.agendadeiasi.ro\/<\/a><\/p>\n<p>&nbsp;<\/p>\n<p>Poezie, Bucurie&#8230;<\/p>\n<p>&nbsp;<\/p>\n<p>&nbsp;<\/p>\n<p>&nbsp;<\/p>\n<p>&nbsp;<\/p>\n<p>&nbsp;<\/p>\n","protected":false},"excerpt":{"rendered":"<p>Eleva Estera STANCIUC, clasa a IX-a C, a ob\u0163inut premiul I la Concursul Interna\u0163ional de Poezie \u201cPeregrin\u0103ri\u201d, organizat de Centrul de Excelen\u0163\u0103 \u00een Promovarea Creativit\u0103\u0163ii Rom\u00e2ne\u015fti DUBLIN \u2013 IRLANDA. Felicit\u0103ri! Detalii: http:\/\/hopernicus.falezedepiatra.net\/ &nbsp; Eleva Lavinia NECHIFOR, clasa a IX-a C,<\/p>\n<div class=\"entry-read-more\"><a class=\"read-more-link\" href=\"https:\/\/cnprsv.ro\/?p=3897\">Read More<span class=\"cleanwp-sr-only\">  Cenaclul literar \u201cS\u0103get\u0103torul\u201d: premii noi.<\/span><\/a><\/div>\n","protected":false},"author":1,"featured_media":0,"comment_status":"closed","ping_status":"open","sticky":false,"template":"","format":"standard","meta":{"_editorskit_title_hidden":false,"_editorskit_reading_time":0,"_editorskit_is_block_options_detached":false,"_editorskit_block_options_position":"{}","footnotes":""},"categories":[1],"tags":[],"class_list":["post-3897","post","type-post","status-publish","format-standard","hentry","category-uncategorized","wpcat-1-id"],"_links":{"self":[{"href":"https:\/\/cnprsv.ro\/index.php?rest_route=\/wp\/v2\/posts\/3897","targetHints":{"allow":["GET"]}}],"collection":[{"href":"https:\/\/cnprsv.ro\/index.php?rest_route=\/wp\/v2\/posts"}],"about":[{"href":"https:\/\/cnprsv.ro\/index.php?rest_route=\/wp\/v2\/types\/post"}],"author":[{"embeddable":true,"href":"https:\/\/cnprsv.ro\/index.php?rest_route=\/wp\/v2\/users\/1"}],"replies":[{"embeddable":true,"href":"https:\/\/cnprsv.ro\/index.php?rest_route=%2Fwp%2Fv2%2Fcomments&post=3897"}],"version-history":[{"count":2,"href":"https:\/\/cnprsv.ro\/index.php?rest_route=\/wp\/v2\/posts\/3897\/revisions"}],"predecessor-version":[{"id":11967,"href":"https:\/\/cnprsv.ro\/index.php?rest_route=\/wp\/v2\/posts\/3897\/revisions\/11967"}],"wp:attachment":[{"href":"https:\/\/cnprsv.ro\/index.php?rest_route=%2Fwp%2Fv2%2Fmedia&parent=3897"}],"wp:term":[{"taxonomy":"category","embeddable":true,"href":"https:\/\/cnprsv.ro\/index.php?rest_route=%2Fwp%2Fv2%2Fcategories&post=3897"},{"taxonomy":"post_tag","embeddable":true,"href":"https:\/\/cnprsv.ro\/index.php?rest_route=%2Fwp%2Fv2%2Ftags&post=3897"}],"curies":[{"name":"wp","href":"https:\/\/api.w.org\/{rel}","templated":true}]}}