{"id":4074,"date":"2013-09-26T12:39:39","date_gmt":"2013-09-26T12:39:39","guid":{"rendered":"http:\/\/cnprsv.ro\/?p=4074"},"modified":"2024-10-11T15:42:57","modified_gmt":"2024-10-11T13:42:57","slug":"noaptea-cercetatorilor","status":"publish","type":"post","link":"https:\/\/cnprsv.ro\/?p=4074","title":{"rendered":"Noaptea Cercet\u0103torilor"},"content":{"rendered":"<p><a href=\"https:\/\/cnprsv.ro\/wp-content\/uploads\/2013\/09\/noaptea-cercetatorilor2013.jpg\" rel=\"lightbox[4074]\"><img loading=\"lazy\" decoding=\"async\" class=\"alignright  wp-image-4075\" title=\"Print\" src=\"https:\/\/cnprsv.ro\/wp-content\/uploads\/2013\/09\/noaptea-cercetatorilor2013.jpg\" alt=\"\" width=\"185\" height=\"193\" srcset=\"https:\/\/cnprsv.ro\/wp-content\/uploads\/2013\/09\/noaptea-cercetatorilor2013.jpg 2000w, https:\/\/cnprsv.ro\/wp-content\/uploads\/2013\/09\/noaptea-cercetatorilor2013-975x1024.jpg 975w\" sizes=\"auto, (max-width: 185px) 100vw, 185px\" \/><\/a><\/p>\n<p>&nbsp;<\/p>\n<p><strong>Vineri<\/strong>, 27 septembrie, are loc pe <strong>Esplanada<\/strong> Universit\u0103\u021bii &#8222;\u0218tefan cel Mare&#8221; Suceava manifestarea cultural-\u0219tiin\u021bific\u0103 &#8222;Noaptea Cercet\u0103torilor&#8221;,<strong> \u00eentre orele 16 \u0219i 22<\/strong>. Colegiul National &#8222;Petru Rare\u0219&#8221; particip\u0103, \u00een calitate de coorganizator, cu 5 lucr\u0103ri premiate la etapa na\u021bional\u0103 a concursului ROSEF 2013 \u0219i cu lucr\u0103ri experimentale interactive de fizic\u0103 \u0219i biologie pentru elevii din ciclurile primar \u0219i gimnazial. \u00cencep\u00e2nd cu ora 19, va evolua forma\u021bia rock a colegiului.<\/p>\n<p>Mai multe informa\u021bii la\u00a0<a href=\"http:\/\/noapteacercetatorilor.eu\/eveniment\/orase\/suceava\/\" target=\"_blank\" rel=\"noopener\">http:\/\/noapteacercetatorilor.eu\/eveniment\/orase\/suceava\/<\/a><\/p>\n<p>V\u0103 a\u0219tept\u0103m !<\/p>\n<p>&nbsp;<\/p>\n<p>&nbsp;<\/p>\n<p>&nbsp;<\/p>\n","protected":false},"excerpt":{"rendered":"<p>&nbsp; Vineri, 27 septembrie, are loc pe Esplanada Universit\u0103\u021bii &#8222;\u0218tefan cel Mare&#8221; Suceava manifestarea cultural-\u0219tiin\u021bific\u0103 &#8222;Noaptea Cercet\u0103torilor&#8221;, \u00eentre orele 16 \u0219i 22. Colegiul National &#8222;Petru Rare\u0219&#8221; particip\u0103, \u00een calitate de coorganizator, cu 5 lucr\u0103ri premiate la etapa na\u021bional\u0103 a concursului<\/p>\n<div class=\"entry-read-more\"><a class=\"read-more-link\" href=\"https:\/\/cnprsv.ro\/?p=4074\">Read More<span class=\"cleanwp-sr-only\">  Noaptea Cercet\u0103torilor<\/span><\/a><\/div>\n","protected":false},"author":1,"featured_media":0,"comment_status":"closed","ping_status":"open","sticky":false,"template":"","format":"standard","meta":{"_editorskit_title_hidden":false,"_editorskit_reading_time":0,"_editorskit_is_block_options_detached":false,"_editorskit_block_options_position":"{}","footnotes":""},"categories":[1],"tags":[],"class_list":["post-4074","post","type-post","status-publish","format-standard","hentry","category-uncategorized","wpcat-1-id"],"_links":{"self":[{"href":"https:\/\/cnprsv.ro\/index.php?rest_route=\/wp\/v2\/posts\/4074","targetHints":{"allow":["GET"]}}],"collection":[{"href":"https:\/\/cnprsv.ro\/index.php?rest_route=\/wp\/v2\/posts"}],"about":[{"href":"https:\/\/cnprsv.ro\/index.php?rest_route=\/wp\/v2\/types\/post"}],"author":[{"embeddable":true,"href":"https:\/\/cnprsv.ro\/index.php?rest_route=\/wp\/v2\/users\/1"}],"replies":[{"embeddable":true,"href":"https:\/\/cnprsv.ro\/index.php?rest_route=%2Fwp%2Fv2%2Fcomments&post=4074"}],"version-history":[{"count":3,"href":"https:\/\/cnprsv.ro\/index.php?rest_route=\/wp\/v2\/posts\/4074\/revisions"}],"predecessor-version":[{"id":11939,"href":"https:\/\/cnprsv.ro\/index.php?rest_route=\/wp\/v2\/posts\/4074\/revisions\/11939"}],"wp:attachment":[{"href":"https:\/\/cnprsv.ro\/index.php?rest_route=%2Fwp%2Fv2%2Fmedia&parent=4074"}],"wp:term":[{"taxonomy":"category","embeddable":true,"href":"https:\/\/cnprsv.ro\/index.php?rest_route=%2Fwp%2Fv2%2Fcategories&post=4074"},{"taxonomy":"post_tag","embeddable":true,"href":"https:\/\/cnprsv.ro\/index.php?rest_route=%2Fwp%2Fv2%2Ftags&post=4074"}],"curies":[{"name":"wp","href":"https:\/\/api.w.org\/{rel}","templated":true}]}}