{"id":4190,"date":"2013-11-06T09:15:21","date_gmt":"2013-11-06T07:15:21","guid":{"rendered":"http:\/\/cnprsv.ro\/?p=4190"},"modified":"2024-10-11T15:42:44","modified_gmt":"2024-10-11T13:42:44","slug":"alecart-filit","status":"publish","type":"post","link":"https:\/\/cnprsv.ro\/?p=4190","title":{"rendered":"ALECART &#038; FILIT"},"content":{"rendered":"<p><img loading=\"lazy\" decoding=\"async\" class=\"alignright size-full wp-image-4152\" alt=\"Afis_Intilnirile_Alecart_FILIT\" src=\"https:\/\/cnprsv.ro\/wp-content\/uploads\/Afis_Intilnirile_Alecart_FILIT1.jpg\" width=\"274\" height=\"274\" \/>\u00cen perioada 23-27.11.2013, s-a desf\u0103\u0219urat, la Ia\u0219i, Festivalul Interna\u021bional de Literatur\u0103 \u0219i Traduceri \u2013 FILIT. Asocia\u021bia ALECART a fost partener\u0103 a primei edi\u021bii a acestei manifest\u0103ri de anvergur\u0103 european\u0103.<\/p>\n<p>Sub genericul \u201c\u00cent\u00e2lnirile ALECART\u201d, a avut loc, timp de 5 zile, un antrenant dialog al scriitorilor invita\u021bi cu redactorii, colaboratorii \u0219i cititorii revistei ALECART. Moderatorii \u00eent\u00e2lnirilor au fost prof. dr. Nicoleta MUNTEANU \u0219i prof. Emil MUNTEANU, coordonatori, al\u0103turi de prof. Gheorghe C\u00ceRSTIAN, ai revistei ALECART.<\/p>\n<p>Un eveniment de excep\u021bie \u00een cadrul Festivalului l-a reprezentat \u201cNoaptea alb\u0103 a poeziei \u0219i muzicii\u201d, \u00centre cei 27 de poe\u021bi prezen\u021bi pe afi\u0219ul evenimentului s-a aflat \u0219i Anastasia GAVRILOVICI, redactor-\u0219ef adunct al revistei ALECART. \u00cent\u00e2lnirea cu poezia \u0219i muzica a fost moderat\u0103 de poeta Corina BERNIC \u0219i poetul Claudiu KOMARTIN.<\/p>\n<p>Reamintim c\u0103 a ap\u0103rut nr. 11 al revistei ALECART, num\u0103r special dedicat Festivalului Interna\u021bional de Literatur\u0103 \u0219i Traduceri &#8211; FILIT. Revista poate fi vizionat\u0103 \u0219i desc\u0103rcat\u0103 de pe site: www.alecart.ro.<\/p>\n<p>Detalii:\u00a0www.alecart.ro,\u00a0alecart.wordpress.com<\/p>\n<p>Coresponden\u021b\u0103: redactia@alecart.ro; gheorghe.cirstian@gmail.com<\/p>\n<p>&nbsp;<\/p>\n<p>&nbsp;<\/p>\n\n<p>&nbsp;<\/p>\n<p>&nbsp;<\/p>\n","protected":false},"excerpt":{"rendered":"<p>\u00cen perioada 23-27.11.2013, s-a desf\u0103\u0219urat, la Ia\u0219i, Festivalul Interna\u021bional de Literatur\u0103 \u0219i Traduceri \u2013 FILIT. Asocia\u021bia ALECART a fost partener\u0103 a primei edi\u021bii a acestei manifest\u0103ri de anvergur\u0103 european\u0103. Sub genericul \u201c\u00cent\u00e2lnirile ALECART\u201d, a avut loc, timp de 5 zile,<\/p>\n<div class=\"entry-read-more\"><a class=\"read-more-link\" href=\"https:\/\/cnprsv.ro\/?p=4190\">Read More<span class=\"cleanwp-sr-only\">  ALECART &#038; FILIT<\/span><\/a><\/div>\n","protected":false},"author":1,"featured_media":0,"comment_status":"closed","ping_status":"open","sticky":false,"template":"","format":"standard","meta":{"_editorskit_title_hidden":false,"_editorskit_reading_time":0,"_editorskit_is_block_options_detached":false,"_editorskit_block_options_position":"{}","footnotes":""},"categories":[1],"tags":[],"class_list":["post-4190","post","type-post","status-publish","format-standard","hentry","category-uncategorized","wpcat-1-id"],"_links":{"self":[{"href":"https:\/\/cnprsv.ro\/index.php?rest_route=\/wp\/v2\/posts\/4190","targetHints":{"allow":["GET"]}}],"collection":[{"href":"https:\/\/cnprsv.ro\/index.php?rest_route=\/wp\/v2\/posts"}],"about":[{"href":"https:\/\/cnprsv.ro\/index.php?rest_route=\/wp\/v2\/types\/post"}],"author":[{"embeddable":true,"href":"https:\/\/cnprsv.ro\/index.php?rest_route=\/wp\/v2\/users\/1"}],"replies":[{"embeddable":true,"href":"https:\/\/cnprsv.ro\/index.php?rest_route=%2Fwp%2Fv2%2Fcomments&post=4190"}],"version-history":[{"count":2,"href":"https:\/\/cnprsv.ro\/index.php?rest_route=\/wp\/v2\/posts\/4190\/revisions"}],"predecessor-version":[{"id":4200,"href":"https:\/\/cnprsv.ro\/index.php?rest_route=\/wp\/v2\/posts\/4190\/revisions\/4200"}],"wp:attachment":[{"href":"https:\/\/cnprsv.ro\/index.php?rest_route=%2Fwp%2Fv2%2Fmedia&parent=4190"}],"wp:term":[{"taxonomy":"category","embeddable":true,"href":"https:\/\/cnprsv.ro\/index.php?rest_route=%2Fwp%2Fv2%2Fcategories&post=4190"},{"taxonomy":"post_tag","embeddable":true,"href":"https:\/\/cnprsv.ro\/index.php?rest_route=%2Fwp%2Fv2%2Ftags&post=4190"}],"curies":[{"name":"wp","href":"https:\/\/api.w.org\/{rel}","templated":true}]}}