{"id":4288,"date":"2013-12-05T15:42:18","date_gmt":"2013-12-05T13:42:18","guid":{"rendered":"http:\/\/cnprsv.ro\/?p=4288"},"modified":"2024-10-11T15:42:44","modified_gmt":"2024-10-11T13:42:44","slug":"conferinta-cu-studentii-din-suedia","status":"publish","type":"post","link":"https:\/\/cnprsv.ro\/?p=4288","title":{"rendered":"Conferin\u021b\u0103 cu studen\u021bii din Suedia"},"content":{"rendered":"<p><img loading=\"lazy\" decoding=\"async\" class=\"alignright size-full wp-image-4275\" alt=\"Global Confederation of Romanian Students\" src=\"https:\/\/cnprsv.ro\/wp-content\/uploads\/Global-Confederation-of-Romanian-Students.jpg\" width=\"128\" height=\"128\" \/><\/p>\n<p>Vineri, 29 noiembrie, la Colegiului Na\u021bional \u201c Petru Rare\u0219\u201d Suceava, respectiv Liceul Teoretic \u201cIon Luca\u201d Vatra Dornei, a avut loc sesiunea informativ\u0103 cu privire la sistemul educa\u021bional suedez universitar. \u00a0Consiliul Jude\u021bean al Elevilor Suceava a organizat, \u00een parteneriat cu Global Confederation of Romanian Students (GCRS), o \u015fedin\u021b\u0103 prin care elevii suceveni au putut lua contactul cu mediul universitar dintr-o \u021bar\u0103 nordic\u0103, mai precis t\u0103r\u00e2mul suedez.<\/p>\n<p>&nbsp;<\/p>\n<p>Mai multe detalii g\u0103si\u021bi pe <a id=\"yui_3_13_0_ym1_1_1386248974526_5332\" href=\"http:\/\/elevicnpr.blogspot.ro\/2013\/12\/conferinta-cu-studentii-din-suedia.html\" target=\"_blank\" rel=\"nofollow noopener\">http:\/\/elevicnpr.blogspot.ro\/2013\/12\/conferinta-cu-studentii-din-suedia.html<\/a><\/p>\n<p>&nbsp;<\/p>\n<p>&nbsp;<\/p>\n","protected":false},"excerpt":{"rendered":"<p>Vineri, 29 noiembrie, la Colegiului Na\u021bional \u201c Petru Rare\u0219\u201d Suceava, respectiv Liceul Teoretic \u201cIon Luca\u201d Vatra Dornei, a avut loc sesiunea informativ\u0103 cu privire la sistemul educa\u021bional suedez universitar. \u00a0Consiliul Jude\u021bean al Elevilor Suceava a organizat, \u00een parteneriat cu Global<\/p>\n<div class=\"entry-read-more\"><a class=\"read-more-link\" href=\"https:\/\/cnprsv.ro\/?p=4288\">Read More<span class=\"cleanwp-sr-only\">  Conferin\u021b\u0103 cu studen\u021bii din Suedia<\/span><\/a><\/div>\n","protected":false},"author":1,"featured_media":0,"comment_status":"closed","ping_status":"open","sticky":false,"template":"","format":"standard","meta":{"_editorskit_title_hidden":false,"_editorskit_reading_time":0,"_editorskit_is_block_options_detached":false,"_editorskit_block_options_position":"{}","footnotes":""},"categories":[1],"tags":[],"class_list":["post-4288","post","type-post","status-publish","format-standard","hentry","category-uncategorized","wpcat-1-id"],"_links":{"self":[{"href":"https:\/\/cnprsv.ro\/index.php?rest_route=\/wp\/v2\/posts\/4288","targetHints":{"allow":["GET"]}}],"collection":[{"href":"https:\/\/cnprsv.ro\/index.php?rest_route=\/wp\/v2\/posts"}],"about":[{"href":"https:\/\/cnprsv.ro\/index.php?rest_route=\/wp\/v2\/types\/post"}],"author":[{"embeddable":true,"href":"https:\/\/cnprsv.ro\/index.php?rest_route=\/wp\/v2\/users\/1"}],"replies":[{"embeddable":true,"href":"https:\/\/cnprsv.ro\/index.php?rest_route=%2Fwp%2Fv2%2Fcomments&post=4288"}],"version-history":[{"count":2,"href":"https:\/\/cnprsv.ro\/index.php?rest_route=\/wp\/v2\/posts\/4288\/revisions"}],"predecessor-version":[{"id":11931,"href":"https:\/\/cnprsv.ro\/index.php?rest_route=\/wp\/v2\/posts\/4288\/revisions\/11931"}],"wp:attachment":[{"href":"https:\/\/cnprsv.ro\/index.php?rest_route=%2Fwp%2Fv2%2Fmedia&parent=4288"}],"wp:term":[{"taxonomy":"category","embeddable":true,"href":"https:\/\/cnprsv.ro\/index.php?rest_route=%2Fwp%2Fv2%2Fcategories&post=4288"},{"taxonomy":"post_tag","embeddable":true,"href":"https:\/\/cnprsv.ro\/index.php?rest_route=%2Fwp%2Fv2%2Ftags&post=4288"}],"curies":[{"name":"wp","href":"https:\/\/api.w.org\/{rel}","templated":true}]}}