{"id":4298,"date":"2013-12-11T09:33:45","date_gmt":"2013-12-11T07:33:45","guid":{"rendered":"http:\/\/cnprsv.ro\/?p=4298"},"modified":"2024-10-11T15:42:44","modified_gmt":"2024-10-11T13:42:44","slug":"salonul-international-de-fotografie-bucovina-mileniul-iii","status":"publish","type":"post","link":"https:\/\/cnprsv.ro\/?p=4298","title":{"rendered":"Salonul interna\u021bional de fotografie Bucovina mileniul III"},"content":{"rendered":"<p><a href=\"https:\/\/cnprsv.ro\/wp-content\/uploads\/salon_international_foto_2013.jpg\" rel=\"lightbox[4298]\"><img loading=\"lazy\" decoding=\"async\" class=\"alignright size-full wp-image-4300\" alt=\"salon_international_foto_2013\" src=\"https:\/\/cnprsv.ro\/wp-content\/uploads\/salon_international_foto_2013.jpg\" width=\"214\" height=\"214\" \/><\/a><\/p>\n<p>&nbsp;<\/p>\n<p>Luni, 16 decembrie 2013, ora 12, la Muzeul de \u0218tiin\u021bele Naturii Suceava, va avea loc vernisajul Salonului interna\u021bional de fotografie Bucovina mileniul III. La aceast\u0103 edi\u021bie, (a X-a), au participat 545 de arti\u0219ti cu 3625 de lucr\u0103ri de art\u0103 fotografic\u0103 din 36 de \u021b\u0103ri ale lumii.<\/p>\n<p>&nbsp;<\/p>\n<p>&nbsp;<\/p>\n<p>&nbsp;<\/p>\n<p>&nbsp;<\/p>\n<p>&nbsp;<\/p>\n","protected":false},"excerpt":{"rendered":"<p>&nbsp; Luni, 16 decembrie 2013, ora 12, la Muzeul de \u0218tiin\u021bele Naturii Suceava, va avea loc vernisajul Salonului interna\u021bional de fotografie Bucovina mileniul III. La aceast\u0103 edi\u021bie, (a X-a), au participat 545 de arti\u0219ti cu 3625 de lucr\u0103ri de art\u0103<\/p>\n<div class=\"entry-read-more\"><a class=\"read-more-link\" href=\"https:\/\/cnprsv.ro\/?p=4298\">Read More<span class=\"cleanwp-sr-only\">  Salonul interna\u021bional de fotografie Bucovina mileniul III<\/span><\/a><\/div>\n","protected":false},"author":1,"featured_media":0,"comment_status":"closed","ping_status":"open","sticky":false,"template":"","format":"standard","meta":{"_editorskit_title_hidden":false,"_editorskit_reading_time":0,"_editorskit_is_block_options_detached":false,"_editorskit_block_options_position":"{}","footnotes":""},"categories":[1],"tags":[],"class_list":["post-4298","post","type-post","status-publish","format-standard","hentry","category-uncategorized","wpcat-1-id"],"_links":{"self":[{"href":"https:\/\/cnprsv.ro\/index.php?rest_route=\/wp\/v2\/posts\/4298","targetHints":{"allow":["GET"]}}],"collection":[{"href":"https:\/\/cnprsv.ro\/index.php?rest_route=\/wp\/v2\/posts"}],"about":[{"href":"https:\/\/cnprsv.ro\/index.php?rest_route=\/wp\/v2\/types\/post"}],"author":[{"embeddable":true,"href":"https:\/\/cnprsv.ro\/index.php?rest_route=\/wp\/v2\/users\/1"}],"replies":[{"embeddable":true,"href":"https:\/\/cnprsv.ro\/index.php?rest_route=%2Fwp%2Fv2%2Fcomments&post=4298"}],"version-history":[{"count":2,"href":"https:\/\/cnprsv.ro\/index.php?rest_route=\/wp\/v2\/posts\/4298\/revisions"}],"predecessor-version":[{"id":4304,"href":"https:\/\/cnprsv.ro\/index.php?rest_route=\/wp\/v2\/posts\/4298\/revisions\/4304"}],"wp:attachment":[{"href":"https:\/\/cnprsv.ro\/index.php?rest_route=%2Fwp%2Fv2%2Fmedia&parent=4298"}],"wp:term":[{"taxonomy":"category","embeddable":true,"href":"https:\/\/cnprsv.ro\/index.php?rest_route=%2Fwp%2Fv2%2Fcategories&post=4298"},{"taxonomy":"post_tag","embeddable":true,"href":"https:\/\/cnprsv.ro\/index.php?rest_route=%2Fwp%2Fv2%2Ftags&post=4298"}],"curies":[{"name":"wp","href":"https:\/\/api.w.org\/{rel}","templated":true}]}}