{"id":4305,"date":"2013-12-11T19:10:58","date_gmt":"2013-12-11T17:10:58","guid":{"rendered":"http:\/\/cnprsv.ro\/?p=4305"},"modified":"2024-10-11T15:42:44","modified_gmt":"2024-10-11T13:42:44","slug":"advent-nikolaustag-und-weihnachten","status":"publish","type":"post","link":"https:\/\/cnprsv.ro\/?p=4305","title":{"rendered":"Advent, Nikolaustag und Weihnachten"},"content":{"rendered":"<p><a href=\"https:\/\/cnprsv.ro\/wp-content\/uploads\/forumul-german.jpg\" rel=\"lightbox[4305]\"><img loading=\"lazy\" decoding=\"async\" class=\"alignright size-full wp-image-4306\" alt=\"forumul german\" src=\"https:\/\/cnprsv.ro\/wp-content\/uploads\/forumul-german.jpg\" width=\"108\" height=\"108\" \/><\/a>S\u0103rb\u0103torile de iarn\u0103 sunt un prilej de bucurie pentru toat\u0103 lumea, \u00eens\u0103 nimic nu se poate compara cu bucuria tr\u0103it\u0103 de copii, \u00een a\u0219teptarea lui Mo\u0219 Cr\u0103ciun.<\/p>\n<p>Dorind s\u0103 \u00eempart\u0103 \u0219i altora din aceast\u0103 atmosfer\u0103 de s\u0103rb\u0103toare, copiii din clasele a VI-a \u0219i a XI-a de la Colegiul Na\u021bional ,,Petru Rare\u0219 \u201cdin Suceava au prezentat s\u00e2mb\u0103t\u0103, 7 decembrie 2013, la Casa Prieteniei, o scenet\u0103 de Cr\u0103ciun \u00een limba german\u0103, iar la final au \u00eenc\u00e2ntat spectatorii cu colinde. Cei mai mari au surprins cu o pies\u0103 de teatru modern\u0103, care a entuziasmat publicul.<\/p>\n<p>Ac\u021biunea a fost organizat\u0103 de Infostelle des Bezirks Schwaben (Casa Prieteniei) \u00een colaborare cu Demokratisches Forum der Deutschen in Buchenland \u00a0(Forumul Democrat German din Bucovina).<\/p>\n<p>&nbsp;<\/p>\n<p>&nbsp;<\/p>\n\n","protected":false},"excerpt":{"rendered":"<p>S\u0103rb\u0103torile de iarn\u0103 sunt un prilej de bucurie pentru toat\u0103 lumea, \u00eens\u0103 nimic nu se poate compara cu bucuria tr\u0103it\u0103 de copii, \u00een a\u0219teptarea lui Mo\u0219 Cr\u0103ciun. Dorind s\u0103 \u00eempart\u0103 \u0219i altora din aceast\u0103 atmosfer\u0103 de s\u0103rb\u0103toare, copiii din clasele<\/p>\n<div class=\"entry-read-more\"><a class=\"read-more-link\" href=\"https:\/\/cnprsv.ro\/?p=4305\">Read More<span class=\"cleanwp-sr-only\">  Advent, Nikolaustag und Weihnachten<\/span><\/a><\/div>\n","protected":false},"author":1,"featured_media":0,"comment_status":"closed","ping_status":"open","sticky":false,"template":"","format":"standard","meta":{"_editorskit_title_hidden":false,"_editorskit_reading_time":0,"_editorskit_is_block_options_detached":false,"_editorskit_block_options_position":"{}","footnotes":""},"categories":[1],"tags":[],"class_list":["post-4305","post","type-post","status-publish","format-standard","hentry","category-uncategorized","wpcat-1-id"],"_links":{"self":[{"href":"https:\/\/cnprsv.ro\/index.php?rest_route=\/wp\/v2\/posts\/4305","targetHints":{"allow":["GET"]}}],"collection":[{"href":"https:\/\/cnprsv.ro\/index.php?rest_route=\/wp\/v2\/posts"}],"about":[{"href":"https:\/\/cnprsv.ro\/index.php?rest_route=\/wp\/v2\/types\/post"}],"author":[{"embeddable":true,"href":"https:\/\/cnprsv.ro\/index.php?rest_route=\/wp\/v2\/users\/1"}],"replies":[{"embeddable":true,"href":"https:\/\/cnprsv.ro\/index.php?rest_route=%2Fwp%2Fv2%2Fcomments&post=4305"}],"version-history":[{"count":2,"href":"https:\/\/cnprsv.ro\/index.php?rest_route=\/wp\/v2\/posts\/4305\/revisions"}],"predecessor-version":[{"id":4317,"href":"https:\/\/cnprsv.ro\/index.php?rest_route=\/wp\/v2\/posts\/4305\/revisions\/4317"}],"wp:attachment":[{"href":"https:\/\/cnprsv.ro\/index.php?rest_route=%2Fwp%2Fv2%2Fmedia&parent=4305"}],"wp:term":[{"taxonomy":"category","embeddable":true,"href":"https:\/\/cnprsv.ro\/index.php?rest_route=%2Fwp%2Fv2%2Fcategories&post=4305"},{"taxonomy":"post_tag","embeddable":true,"href":"https:\/\/cnprsv.ro\/index.php?rest_route=%2Fwp%2Fv2%2Ftags&post=4305"}],"curies":[{"name":"wp","href":"https:\/\/api.w.org\/{rel}","templated":true}]}}