{"id":4823,"date":"2014-06-03T09:41:16","date_gmt":"2014-06-03T07:41:16","guid":{"rendered":"http:\/\/cnprsv.ro\/?p=4823"},"modified":"2024-10-11T15:42:27","modified_gmt":"2024-10-11T13:42:27","slug":"alecart-multiplu-de-cultura-3","status":"publish","type":"post","link":"https:\/\/cnprsv.ro\/?p=4823","title":{"rendered":"ALECART, multiplu de cultur\u0103"},"content":{"rendered":"<p><a href=\"https:\/\/cnprsv.ro\/wp-content\/uploads\/2014\/06\/Afis-lansare-Alecart.jpg\" rel=\"lightbox[4823]\"><img loading=\"lazy\" decoding=\"async\" class=\"alignright size-full wp-image-4824\" alt=\"Afis lansare Alecart\" src=\"https:\/\/cnprsv.ro\/wp-content\/uploads\/2014\/06\/Afis-lansare-Alecart.jpg\" width=\"190\" height=\"267\" \/><\/a><\/p>\n<p>Miercuri, 4 iunie, \u00eencep\u00e2nd cu ora 13.15, la Colegiul Na\u021bional Ia\u0219i, va avea loc lansarea ultimului num\u0103r al revistei ALECART, precedat\u0103 de o dezbatere despre rolul jurnalismului cultural \u00een formarea tinerilor.<\/p>\n<p>Invita\u0163i: Alexandru CONDURACHE (regizor), Dan DAIA (responsabil de proiecte culturale \u015fi comunicare, Institutul Francez Ia\u0219i), George ONOFREI (redactor-\u0219ef, Suplimentul de cultur\u0103), Antonio PATRA\u0218 (redactor, revista Convorbiri literare) \u0219i Daniel \u0218ANDRU (director, revista Timpul).<\/p>\n<p>Invitat special: Excelen\u021ba Sa, Domnul Paul BRUMMELL, viitorul Ambasador al Regatului Unit al Marii Britanii \u0219i Irlandei de Nord \u00een Rom\u00e2nia.<\/p>\n<p>Proiectul ALECART (www.alecart.ro) a ap\u0103rut \u00een cadrul parteneriatului a trei dintre cele mai bine cotate colegii din Rom\u00e2nia (Colegiul Na\u0163ional de Art\u0103 \u201eOctav B\u0103ncil\u0103\u201d Ia\u015fi, Colegiul Na\u0163ional Ia\u015fi, Colegiul Na\u0163ional \u201ePetru Rare\u015f\u201d Suceava), oferind tinerilor o variant\u0103 onest\u0103 \u00een percep\u0163ia nou\u0103, dar a\u015fezat\u0103 a evenimentelor culturale.<\/p>\n<p>Partenerii acestei eveniment sunt: Colegiul Na\u021bional Ia\u0219i, Colegiul Na\u021bional de Art\u0103 \u201eOctav B\u0103ncil\u0103\u201d, Colegiul Na\u021bional \u201ePetru Rare\u0219\u201d Suceava, al\u0103turi de Institutul Francez Ia\u0219i, Funda\u021bia EuroEd \u0219i Rofilco.<\/p>\n<p>&nbsp;<\/p>\n<p>&nbsp;<\/p>\n<p>&nbsp;<\/p>\n<p>&nbsp;<\/p>\n","protected":false},"excerpt":{"rendered":"<p>Miercuri, 4 iunie, \u00eencep\u00e2nd cu ora 13.15, la Colegiul Na\u021bional Ia\u0219i, va avea loc lansarea ultimului num\u0103r al revistei ALECART, precedat\u0103 de o dezbatere despre rolul jurnalismului cultural \u00een formarea tinerilor. Invita\u0163i: Alexandru CONDURACHE (regizor), Dan DAIA (responsabil de proiecte<\/p>\n<div class=\"entry-read-more\"><a class=\"read-more-link\" href=\"https:\/\/cnprsv.ro\/?p=4823\">Read More<span class=\"cleanwp-sr-only\">  ALECART, multiplu de cultur\u0103<\/span><\/a><\/div>\n","protected":false},"author":1,"featured_media":0,"comment_status":"closed","ping_status":"open","sticky":false,"template":"","format":"standard","meta":{"_editorskit_title_hidden":false,"_editorskit_reading_time":0,"_editorskit_is_block_options_detached":false,"_editorskit_block_options_position":"{}","footnotes":""},"categories":[1],"tags":[],"class_list":["post-4823","post","type-post","status-publish","format-standard","hentry","category-uncategorized","wpcat-1-id"],"_links":{"self":[{"href":"https:\/\/cnprsv.ro\/index.php?rest_route=\/wp\/v2\/posts\/4823","targetHints":{"allow":["GET"]}}],"collection":[{"href":"https:\/\/cnprsv.ro\/index.php?rest_route=\/wp\/v2\/posts"}],"about":[{"href":"https:\/\/cnprsv.ro\/index.php?rest_route=\/wp\/v2\/types\/post"}],"author":[{"embeddable":true,"href":"https:\/\/cnprsv.ro\/index.php?rest_route=\/wp\/v2\/users\/1"}],"replies":[{"embeddable":true,"href":"https:\/\/cnprsv.ro\/index.php?rest_route=%2Fwp%2Fv2%2Fcomments&post=4823"}],"version-history":[{"count":1,"href":"https:\/\/cnprsv.ro\/index.php?rest_route=\/wp\/v2\/posts\/4823\/revisions"}],"predecessor-version":[{"id":4825,"href":"https:\/\/cnprsv.ro\/index.php?rest_route=\/wp\/v2\/posts\/4823\/revisions\/4825"}],"wp:attachment":[{"href":"https:\/\/cnprsv.ro\/index.php?rest_route=%2Fwp%2Fv2%2Fmedia&parent=4823"}],"wp:term":[{"taxonomy":"category","embeddable":true,"href":"https:\/\/cnprsv.ro\/index.php?rest_route=%2Fwp%2Fv2%2Fcategories&post=4823"},{"taxonomy":"post_tag","embeddable":true,"href":"https:\/\/cnprsv.ro\/index.php?rest_route=%2Fwp%2Fv2%2Ftags&post=4823"}],"curies":[{"name":"wp","href":"https:\/\/api.w.org\/{rel}","templated":true}]}}