{"id":4972,"date":"2014-09-23T12:58:59","date_gmt":"2014-09-23T10:58:59","guid":{"rendered":"http:\/\/cnprsv.ro\/?p=4972"},"modified":"2024-10-11T15:42:26","modified_gmt":"2024-10-11T13:42:26","slug":"noaptea-cercetatorilor-2","status":"publish","type":"post","link":"https:\/\/cnprsv.ro\/?p=4972","title":{"rendered":"Noaptea cercet\u0103torilor"},"content":{"rendered":"<p><img loading=\"lazy\" decoding=\"async\" class=\"alignright size-full wp-image-4975\" alt=\"noaptea cercetatorilor 2014\" src=\"https:\/\/cnprsv.ro\/wp-content\/uploads\/2014\/09\/noaptea-cercetatorilor-2014.png\" width=\"235\" height=\"198\" srcset=\"https:\/\/cnprsv.ro\/wp-content\/uploads\/2014\/09\/noaptea-cercetatorilor-2014.png 742w, https:\/\/cnprsv.ro\/wp-content\/uploads\/2014\/09\/noaptea-cercetatorilor-2014-300x253.png 300w\" sizes=\"auto, (max-width: 235px) 100vw, 235px\" \/><\/p>\n<p>&nbsp;<\/p>\n<p align=\"center\">COMUNICAT DE PRES\u0102 &#8211; 22 septembrie 2014<\/p>\n<p align=\"center\"><b>\u00a0<\/b><\/p>\n<p align=\"center\"><b>\u00a0<\/b><\/p>\n<p align=\"center\"><b>Noaptea Cercet\u0103torilor 2014<\/b><\/p>\n<p align=\"center\"><b>S\u0103rb\u0103toarea european\u0103 a \u0219tiin\u021bei la Suceava<\/b><\/p>\n<p>&nbsp;<\/p>\n<p>Rampa de lansare este instalat\u0103, motoarele de propulsie sunt pregatite, c\u0103l\u0103toria \u00eencepe!<\/p>\n<p>Pe <b>26 septembrie, ora 17.00 \u00een Suceava, \u00een fa\u021ba Universit\u0103\u021bii \u0218tefan cel Mare <\/b>\u00eencepe c\u0103l\u0103toria \u00een lumea \u0219tiin\u021bei la <b>Noaptea<\/b><b> Cercet\u0103torilor<\/b> <b>2014.<\/b><\/p>\n<p>To\u021bi c\u0103l\u0103torii sunt invita\u021bi s\u0103 \u00ee\u0219i ocupe locul dorit \u0219i s\u0103 parcurg\u0103 un traseu aventuros \u00een lumea cercet\u0103rorilor adev\u0103ra\u021bi.<\/p>\n<p>Edi\u021bia din acest an provoac\u0103 to\u021bi vizitatorii s\u0103 devin\u0103 c\u0103l\u0103tori implica\u021bi \u00een lumea \u0219tiin\u021bei \u00een toate cele patru mari zone ale evenimentului.<\/p>\n<p>\u00cen <b>zona Hands On<\/b> echipe de cercetare din institu\u0163ii locale arat\u0103 \u0219i demonstreaz\u0103 cum evolueaz\u0103 experimentele \u0219i lucr\u0103rile lor de cercetare. Observa\u021biile astronomice \u0219i atelierele de radioastronomie, aplica\u021biile de bio-ecologie, experimentele de nanotehnologie, robotic\u0103 \u0219i experimentele de LeapMotion sunt doar c\u00e2teva dintre activit\u0103\u021bile pregatite de c\u0103tre partenerii locali. Dupa cum \u00eei spune \u0219i numele, este zona \u00een care participan\u021bii au voie s\u0103 ating\u0103 exponatele, s\u0103 contribuie la experimente, s\u0103 interac\u021bioneze cu cercet\u0103torii.<\/p>\n<p>\u00cen zona dedicat\u0103 cercet\u0103rii \u00een <b>Uniunea European\u0103<\/b>, participan\u021bii vor afla cele mai noi tendin\u021be \u00een cercetare la nivel european, \u00ee\u0219i vor testa cuno\u0219tin\u021bele de cultur\u0103 general\u0103 \u0219i vor putea participa la o tombol\u0103 european\u0103.<\/p>\n<p>Cei mici se vor delecta \u0219i vor \u00eenv\u0103\u021ba prin joc o mul\u021bime de lucruri interesante despre sistemul solar, fizic\u0103, chimie, robo\u021bi \u0219i multe altele, \u00een <b>zona SCI FUN.<\/b> \u00cen aceast\u0103 zon\u0103 sunt programate o aventur\u0103 3D prin Sistemul Solar, workshopuri de reciclare creativ\u0103, un scrable uria\u0219, concursuri.<\/p>\n<p><b>Salonul Cercet\u0103torilor Neconven\u021bionali SCeNe<\/b>, ajuns la a doua edi\u021bie, va fi prezent \u00een direct de la Bucure\u0219ti prin transmisie live.<\/p>\n<p>Noaptea Cercet\u0103torilor se \u00eenscrie \u00een seria evenimentelor Marie Curie, la nivelul Uniunii Europene, \u0219i \u00ee\u0219i propune s\u0103 arate publicului larg ce \u00eenseamn\u0103 s\u0103 fii cercet\u0103tor \u0219i c\u00e2t de interesant\u0103 poate fi munca de cercetare.<\/p>\n<p>Primul eveniment european Noaptea Cercet\u0103torilor a fost organizat \u00een 2005 \u015fi a atras p\u00e2n\u0103 acum 1,5 milioane de vizitatori. Evenimentul ofer\u0103 oamenilor de \u015ftiin\u0163\u0103 \u015fansa de a intra \u00een leg\u0103tur\u0103 cu publicul, iar publicului \u015fansa de a descoperi universul \u015ftiin\u0163ei \u015fi oamenii din spatele experimentelor.<\/p>\n<p>Proiectul se adreseaz\u0103 min\u0163ilor curioase, de la entuzia\u015fti la sceptici, oferind o mare varietate de activit\u0103\u0163i \u015ftiin\u0163ifice \u015fi educative.<\/p>\n<p><b>Noaptea Cercet\u0103torilor<\/b> este organizat\u0103 la Suceava pentru al III-lea an consecutiv sub egida Uniunii Europene \u0219i patronajul Ministerului Educa\u021biei Na\u021bionale \u00a0de c\u0103tre echipa la nivel na\u021bional <b>#Researchers4Humanity <\/b>&#8211; Asocia\u021bia Invenio, Target Active Training, Centrul de Studii Complexe, Institutul Na\u021bional de Cercetare \u00een Sport\u00a0 \u0219i organizatorii locali Societatea \u015etiin\u0163ific\u0103 Cygnus \u2013 centru UNESCO, Universitatea \u201e\u0218tefan cel Mare\u201d din Suceava, Inspectoratul \u015ecolar al Jude\u0163ului Suceava \u015fi Primaria Municipiului Suceava.<\/p>\n<p>Pentru mai multe informa\u0163ii vizita\u021bi <a href=\"www.noapteacercetatorilor.eu\" target=\"_blank\" rel=\"noopener\">www.noapteacercetatorilor.eu<\/a> \u015fi<a href=\"http:\/\/%20www.facebook.com\/NoapteaCercetatorilor\" target=\"_blank\" rel=\"noopener\"> www.facebook.com\/NoapteaCercetatorilor<\/a>. Spune p\u0103rerea ta pe: <a href=\"http:\/\/noapteacercetatorilor.eu\/researchers4humanity\/implica-te\/\" target=\"_blank\" rel=\"noopener\">http:\/\/noapteacercetatorilor.eu\/researchers4humanity\/implica-te\/<\/a> \u015fi po\u0163i c\u00e2\u015ftiga un <a href=\"documente\/2014_septembrie_Concurs_Noatea_Cercetatorilor.pdf\" target=\"_blank\" rel=\"noopener\">premiu<\/a>.<\/p>\n<p>&nbsp;<\/p>\n","protected":false},"excerpt":{"rendered":"<p>&nbsp; COMUNICAT DE PRES\u0102 &#8211; 22 septembrie 2014 \u00a0 \u00a0 Noaptea Cercet\u0103torilor 2014 S\u0103rb\u0103toarea european\u0103 a \u0219tiin\u021bei la Suceava &nbsp; Rampa de lansare este instalat\u0103, motoarele de propulsie sunt pregatite, c\u0103l\u0103toria \u00eencepe! Pe 26 septembrie, ora 17.00 \u00een Suceava, \u00een<\/p>\n<div class=\"entry-read-more\"><a class=\"read-more-link\" href=\"https:\/\/cnprsv.ro\/?p=4972\">Read More<span class=\"cleanwp-sr-only\">  Noaptea cercet\u0103torilor<\/span><\/a><\/div>\n","protected":false},"author":1,"featured_media":0,"comment_status":"closed","ping_status":"open","sticky":false,"template":"","format":"standard","meta":{"_editorskit_title_hidden":false,"_editorskit_reading_time":0,"_editorskit_is_block_options_detached":false,"_editorskit_block_options_position":"{}","footnotes":""},"categories":[1],"tags":[],"class_list":["post-4972","post","type-post","status-publish","format-standard","hentry","category-uncategorized","wpcat-1-id"],"_links":{"self":[{"href":"https:\/\/cnprsv.ro\/index.php?rest_route=\/wp\/v2\/posts\/4972","targetHints":{"allow":["GET"]}}],"collection":[{"href":"https:\/\/cnprsv.ro\/index.php?rest_route=\/wp\/v2\/posts"}],"about":[{"href":"https:\/\/cnprsv.ro\/index.php?rest_route=\/wp\/v2\/types\/post"}],"author":[{"embeddable":true,"href":"https:\/\/cnprsv.ro\/index.php?rest_route=\/wp\/v2\/users\/1"}],"replies":[{"embeddable":true,"href":"https:\/\/cnprsv.ro\/index.php?rest_route=%2Fwp%2Fv2%2Fcomments&post=4972"}],"version-history":[{"count":3,"href":"https:\/\/cnprsv.ro\/index.php?rest_route=\/wp\/v2\/posts\/4972\/revisions"}],"predecessor-version":[{"id":11878,"href":"https:\/\/cnprsv.ro\/index.php?rest_route=\/wp\/v2\/posts\/4972\/revisions\/11878"}],"wp:attachment":[{"href":"https:\/\/cnprsv.ro\/index.php?rest_route=%2Fwp%2Fv2%2Fmedia&parent=4972"}],"wp:term":[{"taxonomy":"category","embeddable":true,"href":"https:\/\/cnprsv.ro\/index.php?rest_route=%2Fwp%2Fv2%2Fcategories&post=4972"},{"taxonomy":"post_tag","embeddable":true,"href":"https:\/\/cnprsv.ro\/index.php?rest_route=%2Fwp%2Fv2%2Ftags&post=4972"}],"curies":[{"name":"wp","href":"https:\/\/api.w.org\/{rel}","templated":true}]}}