{"id":5001,"date":"2014-10-01T19:51:37","date_gmt":"2014-10-01T17:51:37","guid":{"rendered":"http:\/\/cnprsv.ro\/?p=5001"},"modified":"2024-10-11T15:42:26","modified_gmt":"2024-10-11T13:42:26","slug":"5001","status":"publish","type":"post","link":"https:\/\/cnprsv.ro\/?p=5001","title":{"rendered":"Cenaclul \u201cS\u0103get\u0103torul\u201d. Noi premii literare"},"content":{"rendered":"<p><a href=\"https:\/\/cnprsv.ro\/wp-content\/uploads\/2014\/10\/Labis.-Premii-literare.jpeg\" rel=\"lightbox[5001]\"><img loading=\"lazy\" decoding=\"async\" class=\"alignright size-full wp-image-5003\" alt=\"Labis. Premii literare\" src=\"https:\/\/cnprsv.ro\/wp-content\/uploads\/2014\/10\/Labis.-Premii-literare.jpeg\" width=\"248\" height=\"121\" srcset=\"https:\/\/cnprsv.ro\/wp-content\/uploads\/2014\/10\/Labis.-Premii-literare.jpeg 816w, https:\/\/cnprsv.ro\/wp-content\/uploads\/2014\/10\/Labis.-Premii-literare-300x147.jpeg 300w\" sizes=\"auto, (max-width: 248px) 100vw, 248px\" \/><\/a>Liceenii creatori de poezie din Colegiul nostru au ob\u021binut rezultate deosebite la cea de-a XLVI-a edi\u0163ie a Festivalului na\u0163ional de poezie \u201eNicolae Labi\u015f\u201d, desf\u0103\u0219urat\u0103 \u00een aceast\u0103 perioad\u0103 la Suceava \u0219i M\u0103lini.<\/p>\n<p>Lavinia Loredana NECHIFOR, cl. a XI-a C: Premiul I, \u201eNicolae Labi\u015f \u2013 21\u201d, oferit de Muzeul Bucovinei, Premiul revistei POEZIA, Ia\u015fi<\/p>\n<p>Anastasia GAVRILOVICI, absolvent\u0103: Premiul special \u201eNicolae Labi\u015f\u201d, oferit de doamna Margareta Labi\u015f, sora poetului, \u015fi Premiul revistei CONTA Piatra Neam\u0163<\/p>\n<p>Alexandra Bianca DUMENCU, cl. a XI-a C: Premiul revistei TRIBUNA Cluj<\/p>\n<p>Elena STAN, cl. a XI-a D: Premiul revistei ORA\u015eUL Cluj<\/p>\n<p>Alina Iuliana VERDE\u015e, cl. a X-a E: Premiul revistei PLUMB Bac\u0103u<\/p>\n<p>Juriul Festivalului a fost alc\u0103tuit din criticii literari Mircea MARTIN (pre\u015fedinte), Alexandru CISTELECAN, Adrian Dinu RACHIERU, Mircea A. DIACONU, Vasile SPIRIDON (membri).<\/p>\n<p>&nbsp;<\/p>\n<p>&nbsp;<\/p>\n<p>&nbsp;<\/p>\n","protected":false},"excerpt":{"rendered":"<p>Liceenii creatori de poezie din Colegiul nostru au ob\u021binut rezultate deosebite la cea de-a XLVI-a edi\u0163ie a Festivalului na\u0163ional de poezie \u201eNicolae Labi\u015f\u201d, desf\u0103\u0219urat\u0103 \u00een aceast\u0103 perioad\u0103 la Suceava \u0219i M\u0103lini. Lavinia Loredana NECHIFOR, cl. a XI-a C: Premiul I,<\/p>\n<div class=\"entry-read-more\"><a class=\"read-more-link\" href=\"https:\/\/cnprsv.ro\/?p=5001\">Read More<span class=\"cleanwp-sr-only\">  Cenaclul \u201cS\u0103get\u0103torul\u201d. Noi premii literare<\/span><\/a><\/div>\n","protected":false},"author":1,"featured_media":0,"comment_status":"closed","ping_status":"open","sticky":false,"template":"","format":"standard","meta":{"_editorskit_title_hidden":false,"_editorskit_reading_time":0,"_editorskit_is_block_options_detached":false,"_editorskit_block_options_position":"{}","footnotes":""},"categories":[1],"tags":[],"class_list":["post-5001","post","type-post","status-publish","format-standard","hentry","category-uncategorized","wpcat-1-id"],"_links":{"self":[{"href":"https:\/\/cnprsv.ro\/index.php?rest_route=\/wp\/v2\/posts\/5001","targetHints":{"allow":["GET"]}}],"collection":[{"href":"https:\/\/cnprsv.ro\/index.php?rest_route=\/wp\/v2\/posts"}],"about":[{"href":"https:\/\/cnprsv.ro\/index.php?rest_route=\/wp\/v2\/types\/post"}],"author":[{"embeddable":true,"href":"https:\/\/cnprsv.ro\/index.php?rest_route=\/wp\/v2\/users\/1"}],"replies":[{"embeddable":true,"href":"https:\/\/cnprsv.ro\/index.php?rest_route=%2Fwp%2Fv2%2Fcomments&post=5001"}],"version-history":[{"count":2,"href":"https:\/\/cnprsv.ro\/index.php?rest_route=\/wp\/v2\/posts\/5001\/revisions"}],"predecessor-version":[{"id":5010,"href":"https:\/\/cnprsv.ro\/index.php?rest_route=\/wp\/v2\/posts\/5001\/revisions\/5010"}],"wp:attachment":[{"href":"https:\/\/cnprsv.ro\/index.php?rest_route=%2Fwp%2Fv2%2Fmedia&parent=5001"}],"wp:term":[{"taxonomy":"category","embeddable":true,"href":"https:\/\/cnprsv.ro\/index.php?rest_route=%2Fwp%2Fv2%2Fcategories&post=5001"},{"taxonomy":"post_tag","embeddable":true,"href":"https:\/\/cnprsv.ro\/index.php?rest_route=%2Fwp%2Fv2%2Ftags&post=5001"}],"curies":[{"name":"wp","href":"https:\/\/api.w.org\/{rel}","templated":true}]}}