{"id":5006,"date":"2014-10-01T19:53:50","date_gmt":"2014-10-01T17:53:50","guid":{"rendered":"http:\/\/cnprsv.ro\/?p=5006"},"modified":"2024-10-11T15:42:26","modified_gmt":"2024-10-11T13:42:26","slug":"revista-de-atitudine-culturala-alecart-numarul-13","status":"publish","type":"post","link":"https:\/\/cnprsv.ro\/?p=5006","title":{"rendered":"Revista de atitudine cultural\u0103 \u201cAlecart\u201d. Num\u0103rul 13"},"content":{"rendered":"<p><a href=\"https:\/\/cnprsv.ro\/wp-content\/uploads\/2014\/10\/Alecart-RO.jpg\" rel=\"lightbox[5006]\"><img loading=\"lazy\" decoding=\"async\" class=\"alignright size-full wp-image-5008\" alt=\"Alecart RO\" src=\"https:\/\/cnprsv.ro\/wp-content\/uploads\/2014\/10\/Alecart-RO.jpg\" width=\"162\" height=\"199\" \/><\/a>A ap\u0103rut \u201cAlecart\u201d! Cu un nou num\u0103r: 13. Num\u0103r special FILIT: edi\u021bie bilingv\u0103 (RO-EN).<\/p>\n<p>Lansarea a avut loc s\u00e2mb\u0103t\u0103, 27 septembrie, ora 18.00, la Teatrul \u201eLuceaf\u0103rul\u201d din Ia\u0219i, \u00een cadrul manifest\u0103rii \u201eZiua Cooper\u0103rii Europene\u201d.<\/p>\n<p>La manifestare au participat membrii redac\u021biei din Suceava: Daniela Petrovici, Leonard Ostafi, Daniela Bejinariu, Adela C\u0103\u0219uneanu, Raluca R\u00eembu, Bianca Dumencu, Magda Dincu, Iasmina R\u0103ceanu, Tudor G\u0103itan.<\/p>\n<p>\u00cen numele redac\u021biei, a luat cuv\u00e2ntul Tudor G\u0103itan.<\/p>\n<p>&nbsp;<\/p>\n<p>Detalii: www.alecart.ro<\/p>\n<p><b>\u00a0<\/b><\/p>\n<p><a href=\"https:\/\/cnprsv.ro\/wp-content\/uploads\/2014\/10\/Alecart-EN.jpg\" rel=\"lightbox[5006]\"><img loading=\"lazy\" decoding=\"async\" class=\"aligncenter size-full wp-image-5007\" alt=\"Alecart EN\" src=\"https:\/\/cnprsv.ro\/wp-content\/uploads\/2014\/10\/Alecart-EN.jpg\" width=\"242\" height=\"300\" \/><\/a><\/p>\n","protected":false},"excerpt":{"rendered":"<p>A ap\u0103rut \u201cAlecart\u201d! Cu un nou num\u0103r: 13. Num\u0103r special FILIT: edi\u021bie bilingv\u0103 (RO-EN). Lansarea a avut loc s\u00e2mb\u0103t\u0103, 27 septembrie, ora 18.00, la Teatrul \u201eLuceaf\u0103rul\u201d din Ia\u0219i, \u00een cadrul manifest\u0103rii \u201eZiua Cooper\u0103rii Europene\u201d. La manifestare au participat membrii redac\u021biei<\/p>\n<div class=\"entry-read-more\"><a class=\"read-more-link\" href=\"https:\/\/cnprsv.ro\/?p=5006\">Read More<span class=\"cleanwp-sr-only\">  Revista de atitudine cultural\u0103 \u201cAlecart\u201d. Num\u0103rul 13<\/span><\/a><\/div>\n","protected":false},"author":1,"featured_media":0,"comment_status":"closed","ping_status":"open","sticky":false,"template":"","format":"standard","meta":{"_editorskit_title_hidden":false,"_editorskit_reading_time":0,"_editorskit_is_block_options_detached":false,"_editorskit_block_options_position":"{}","footnotes":""},"categories":[1],"tags":[],"class_list":["post-5006","post","type-post","status-publish","format-standard","hentry","category-uncategorized","wpcat-1-id"],"_links":{"self":[{"href":"https:\/\/cnprsv.ro\/index.php?rest_route=\/wp\/v2\/posts\/5006","targetHints":{"allow":["GET"]}}],"collection":[{"href":"https:\/\/cnprsv.ro\/index.php?rest_route=\/wp\/v2\/posts"}],"about":[{"href":"https:\/\/cnprsv.ro\/index.php?rest_route=\/wp\/v2\/types\/post"}],"author":[{"embeddable":true,"href":"https:\/\/cnprsv.ro\/index.php?rest_route=\/wp\/v2\/users\/1"}],"replies":[{"embeddable":true,"href":"https:\/\/cnprsv.ro\/index.php?rest_route=%2Fwp%2Fv2%2Fcomments&post=5006"}],"version-history":[{"count":1,"href":"https:\/\/cnprsv.ro\/index.php?rest_route=\/wp\/v2\/posts\/5006\/revisions"}],"predecessor-version":[{"id":5009,"href":"https:\/\/cnprsv.ro\/index.php?rest_route=\/wp\/v2\/posts\/5006\/revisions\/5009"}],"wp:attachment":[{"href":"https:\/\/cnprsv.ro\/index.php?rest_route=%2Fwp%2Fv2%2Fmedia&parent=5006"}],"wp:term":[{"taxonomy":"category","embeddable":true,"href":"https:\/\/cnprsv.ro\/index.php?rest_route=%2Fwp%2Fv2%2Fcategories&post=5006"},{"taxonomy":"post_tag","embeddable":true,"href":"https:\/\/cnprsv.ro\/index.php?rest_route=%2Fwp%2Fv2%2Ftags&post=5006"}],"curies":[{"name":"wp","href":"https:\/\/api.w.org\/{rel}","templated":true}]}}