{"id":5118,"date":"2014-11-07T14:29:14","date_gmt":"2014-11-07T12:29:14","guid":{"rendered":"http:\/\/cnprsv.ro\/?p=5118"},"modified":"2024-10-11T15:42:26","modified_gmt":"2024-10-11T13:42:26","slug":"expozitia-bucovina-in-marele-razboi","status":"publish","type":"post","link":"https:\/\/cnprsv.ro\/?p=5118","title":{"rendered":"Expozi\u021bia &#8222;Bucovina \u00een Marele R\u0103zboi&#8221;"},"content":{"rendered":"<p><img loading=\"lazy\" decoding=\"async\" class=\"alignright size-full wp-image-5119\" alt=\"afis-BUCOVINA in primul razboi mondial\" src=\"https:\/\/cnprsv.ro\/wp-content\/uploads\/2014\/11\/afis-BUCOVINA-in-primul-razboi-mondial.jpg\" width=\"214\" height=\"301\" \/><\/p>\n<p>&nbsp;<\/p>\n<p>Cu prilejul \u00eemplinirii unui secol de la declan\u015farea Primei Conflagra\u0163ii Mondiale, Muzeul Bucovinei organizeaz\u0103, \u00een ziua de mar\u0163i,11 noiembrie 2014, ora 12, la Muzeul de \u015etiin\u0163ele Naturii, vernisajul expozi\u0163iei temporare \u201dBUCOVINA \u00ceN MARELE R\u0102ZBOI\u201d.<\/p>\n<p>Expozi\u0163ia se \u00eencadreaz\u0103 \u00een cadrul ini\u0163iativei la nivel european pentru comemorarea acestui eveniment, care a aruncat \u00eentreaga omenire \u00eentr-un conflict extrem de s\u00e2ngeros, soldat cu milioane de victime. Documente, fotografii, h\u0103r\u0163i, imagini ale unor piese de patrimoniu, provenind din colec\u0163iile Muzeului de Istorie, sau de la diver\u015fi colec\u0163ionari particulari, \u00ee\u015fi propun s\u0103 creeze o imagine c\u00e2t mai veridic\u0103 a ceea ce a \u00eensemnat Marele R\u0103zboi pentru Bucovina \u015fi locuitorii s\u0103i. Expozi\u0163ia va fi deschis\u0103 p\u00e2n\u0103 la data de 12 decembrie a.c.<\/p>\n<p>&nbsp;<\/p>\n<p>&nbsp;<\/p>\n<p>&nbsp;<\/p>\n","protected":false},"excerpt":{"rendered":"<p>&nbsp; Cu prilejul \u00eemplinirii unui secol de la declan\u015farea Primei Conflagra\u0163ii Mondiale, Muzeul Bucovinei organizeaz\u0103, \u00een ziua de mar\u0163i,11 noiembrie 2014, ora 12, la Muzeul de \u015etiin\u0163ele Naturii, vernisajul expozi\u0163iei temporare \u201dBUCOVINA \u00ceN MARELE R\u0102ZBOI\u201d. Expozi\u0163ia se \u00eencadreaz\u0103 \u00een cadrul<\/p>\n<div class=\"entry-read-more\"><a class=\"read-more-link\" href=\"https:\/\/cnprsv.ro\/?p=5118\">Read More<span class=\"cleanwp-sr-only\">  Expozi\u021bia &#8222;Bucovina \u00een Marele R\u0103zboi&#8221;<\/span><\/a><\/div>\n","protected":false},"author":1,"featured_media":0,"comment_status":"closed","ping_status":"open","sticky":false,"template":"","format":"standard","meta":{"_editorskit_title_hidden":false,"_editorskit_reading_time":0,"_editorskit_is_block_options_detached":false,"_editorskit_block_options_position":"{}","footnotes":""},"categories":[1],"tags":[],"class_list":["post-5118","post","type-post","status-publish","format-standard","hentry","category-uncategorized","wpcat-1-id"],"_links":{"self":[{"href":"https:\/\/cnprsv.ro\/index.php?rest_route=\/wp\/v2\/posts\/5118","targetHints":{"allow":["GET"]}}],"collection":[{"href":"https:\/\/cnprsv.ro\/index.php?rest_route=\/wp\/v2\/posts"}],"about":[{"href":"https:\/\/cnprsv.ro\/index.php?rest_route=\/wp\/v2\/types\/post"}],"author":[{"embeddable":true,"href":"https:\/\/cnprsv.ro\/index.php?rest_route=\/wp\/v2\/users\/1"}],"replies":[{"embeddable":true,"href":"https:\/\/cnprsv.ro\/index.php?rest_route=%2Fwp%2Fv2%2Fcomments&post=5118"}],"version-history":[{"count":2,"href":"https:\/\/cnprsv.ro\/index.php?rest_route=\/wp\/v2\/posts\/5118\/revisions"}],"predecessor-version":[{"id":5122,"href":"https:\/\/cnprsv.ro\/index.php?rest_route=\/wp\/v2\/posts\/5118\/revisions\/5122"}],"wp:attachment":[{"href":"https:\/\/cnprsv.ro\/index.php?rest_route=%2Fwp%2Fv2%2Fmedia&parent=5118"}],"wp:term":[{"taxonomy":"category","embeddable":true,"href":"https:\/\/cnprsv.ro\/index.php?rest_route=%2Fwp%2Fv2%2Fcategories&post=5118"},{"taxonomy":"post_tag","embeddable":true,"href":"https:\/\/cnprsv.ro\/index.php?rest_route=%2Fwp%2Fv2%2Ftags&post=5118"}],"curies":[{"name":"wp","href":"https:\/\/api.w.org\/{rel}","templated":true}]}}