{"id":5163,"date":"2014-12-09T12:11:59","date_gmt":"2014-12-09T10:11:59","guid":{"rendered":"http:\/\/cnprsv.ro\/?p=5163"},"modified":"2024-10-11T15:42:26","modified_gmt":"2024-10-11T13:42:26","slug":"a-xi-a-editie-al-salonului-international-de-arta-fotografica","status":"publish","type":"post","link":"https:\/\/cnprsv.ro\/?p=5163","title":{"rendered":"A XI-a edi\u0163ie al Salonului Interna\u0163ional de Art\u0103 Fotografic\u0103"},"content":{"rendered":"<p>Consiliul Judetean Suceava, Muzeul Bucovinei \u00een colaborare cu Centrul Cultural Bucovina au organizat a XI a edi\u0163ie al Salonului Interna\u0163ional de Art\u0103 Fotografic\u0103 sub \u00eenaltul patronaj\u00a0 FIAP \u015fi AAFR. Sec\u0163iunile \u2013 tem\u0103 din acest an au fost \u201eOpen\u201d \u015fi \u201eTravel\u201d. La fiecare sec\u0163iune participan\u0163ii se puteau \u00eenscrie cu maxim 4 lucr\u0103ri. Participarea la acest salon\u00a0 a fost liber\u0103 pentru to\u0163i arti\u015ftii fotografi din \u00eentreaga lume. \u00cen acest an participarea a fost numeroas\u0103. Astfel, s-au \u00eenscris \u00een competi\u0163ie 548 de arti\u015fti fotografi din 36 de \u0163\u0103ri.<\/p>\n<p>Juriul alc\u0103tuit din:<\/p>\n<p align=\"center\">Csaba BALASI, President of the jury,<\/p>\n<p align=\"center\">E.FIAP\/gold officer\u00a0 FIAP of\u00a0 Romania<\/p>\n<p align=\"center\">MARCELLO MATERASSI EFIAP\/g, Hon.EFIAP, Italy<\/p>\n<p align=\"center\">Petru GEM\u0102NARU, A.FIAP, Rom\u00e2nia<\/p>\n<p align=\"center\">Vasile PALADEAN, AAFR, AAFU, Photographer Artist, Ukraine<\/p>\n<p align=\"center\">Victor RUSU, AAFR, Photographer Artist, Rom\u00e2nia<\/p>\n<p>a acordat 18 premii pentru fiecare sec\u0163iune. Selec\u0163ia s-a realizat din 3835 de fotografii ale arti\u015ftilor fotografi intrate \u00een concurs.<\/p>\n<p>Vernisajul va avea loc la Centrul Pentru Sus\u0163inerea \u00a0Tradi\u0163iilor Bucovinene, str. Universit\u0103\u0163ii, pe data de 16.12.2014, la ora 12. Perioada de expunere va fi 16.12.2014 \u2013 15.01.2015.<\/p>\n<p>V\u0103 a\u015ftept\u0103m cu drag!<\/p>\n<p>&nbsp;<\/p>\n<p>&nbsp;<\/p>\n<p><a href=\"https:\/\/cnprsv.ro\/wp-content\/uploads\/2014\/12\/Salonul-International-de-Arta-Fotografica-Bucovina-Mileniului-III.jpg\" rel=\"lightbox[5163]\"><img loading=\"lazy\" decoding=\"async\" class=\"aligncenter size-full wp-image-5171\" alt=\"Salonul International de Arta Fotografica Bucovina Mileniului III\" src=\"https:\/\/cnprsv.ro\/wp-content\/uploads\/2014\/12\/Salonul-International-de-Arta-Fotografica-Bucovina-Mileniului-III.jpg\" width=\"501\" height=\"716\" srcset=\"https:\/\/cnprsv.ro\/wp-content\/uploads\/2014\/12\/Salonul-International-de-Arta-Fotografica-Bucovina-Mileniului-III.jpg 839w, https:\/\/cnprsv.ro\/wp-content\/uploads\/2014\/12\/Salonul-International-de-Arta-Fotografica-Bucovina-Mileniului-III-209x300.jpg 209w\" sizes=\"auto, (max-width: 501px) 100vw, 501px\" \/><\/a><\/p>\n","protected":false},"excerpt":{"rendered":"<p>Consiliul Judetean Suceava, Muzeul Bucovinei \u00een colaborare cu Centrul Cultural Bucovina au organizat a XI a edi\u0163ie al Salonului Interna\u0163ional de Art\u0103 Fotografic\u0103 sub \u00eenaltul patronaj\u00a0 FIAP \u015fi AAFR. Sec\u0163iunile \u2013 tem\u0103 din acest an au fost \u201eOpen\u201d \u015fi \u201eTravel\u201d.<\/p>\n<div class=\"entry-read-more\"><a class=\"read-more-link\" href=\"https:\/\/cnprsv.ro\/?p=5163\">Read More<span class=\"cleanwp-sr-only\">  A XI-a edi\u0163ie al Salonului Interna\u0163ional de Art\u0103 Fotografic\u0103<\/span><\/a><\/div>\n","protected":false},"author":1,"featured_media":0,"comment_status":"closed","ping_status":"open","sticky":false,"template":"","format":"standard","meta":{"_editorskit_title_hidden":false,"_editorskit_reading_time":0,"_editorskit_is_block_options_detached":false,"_editorskit_block_options_position":"{}","footnotes":""},"categories":[1],"tags":[],"class_list":["post-5163","post","type-post","status-publish","format-standard","hentry","category-uncategorized","wpcat-1-id"],"_links":{"self":[{"href":"https:\/\/cnprsv.ro\/index.php?rest_route=\/wp\/v2\/posts\/5163","targetHints":{"allow":["GET"]}}],"collection":[{"href":"https:\/\/cnprsv.ro\/index.php?rest_route=\/wp\/v2\/posts"}],"about":[{"href":"https:\/\/cnprsv.ro\/index.php?rest_route=\/wp\/v2\/types\/post"}],"author":[{"embeddable":true,"href":"https:\/\/cnprsv.ro\/index.php?rest_route=\/wp\/v2\/users\/1"}],"replies":[{"embeddable":true,"href":"https:\/\/cnprsv.ro\/index.php?rest_route=%2Fwp%2Fv2%2Fcomments&post=5163"}],"version-history":[{"count":2,"href":"https:\/\/cnprsv.ro\/index.php?rest_route=\/wp\/v2\/posts\/5163\/revisions"}],"predecessor-version":[{"id":5174,"href":"https:\/\/cnprsv.ro\/index.php?rest_route=\/wp\/v2\/posts\/5163\/revisions\/5174"}],"wp:attachment":[{"href":"https:\/\/cnprsv.ro\/index.php?rest_route=%2Fwp%2Fv2%2Fmedia&parent=5163"}],"wp:term":[{"taxonomy":"category","embeddable":true,"href":"https:\/\/cnprsv.ro\/index.php?rest_route=%2Fwp%2Fv2%2Fcategories&post=5163"},{"taxonomy":"post_tag","embeddable":true,"href":"https:\/\/cnprsv.ro\/index.php?rest_route=%2Fwp%2Fv2%2Ftags&post=5163"}],"curies":[{"name":"wp","href":"https:\/\/api.w.org\/{rel}","templated":true}]}}