{"id":5246,"date":"2015-02-16T13:33:01","date_gmt":"2015-02-16T11:33:01","guid":{"rendered":"http:\/\/cnprsv.ro\/?p=5246"},"modified":"2024-10-11T15:42:26","modified_gmt":"2024-10-11T13:42:26","slug":"expozitia-padurea-din-piatra","status":"publish","type":"post","link":"https:\/\/cnprsv.ro\/?p=5246","title":{"rendered":"Expozi\u0163ia &#8222;P\u0102DUREA DIN PIATR\u0102&#8221;"},"content":{"rendered":"<p><img loading=\"lazy\" decoding=\"async\" class=\"alignright size-full wp-image-5247\" alt=\"afis_expozitia_padurea_de_piatra_2015\" src=\"https:\/\/cnprsv.ro\/wp-content\/uploads\/2015\/02\/afis_expozitia_padurea_de_piatra_2015.jpg\" width=\"275\" height=\"386\" srcset=\"https:\/\/cnprsv.ro\/wp-content\/uploads\/2015\/02\/afis_expozitia_padurea_de_piatra_2015.jpg 3527w, https:\/\/cnprsv.ro\/wp-content\/uploads\/2015\/02\/afis_expozitia_padurea_de_piatra_2015-213x300.jpg 213w, https:\/\/cnprsv.ro\/wp-content\/uploads\/2015\/02\/afis_expozitia_padurea_de_piatra_2015-728x1024.jpg 728w\" sizes=\"auto, (max-width: 275px) 100vw, 275px\" \/><\/p>\n<p>&nbsp;<\/p>\n<p><b>Muzeul de \u015etiin\u0163ele Naturii \u00a0Suceava organizeaz\u0103 \u00een perioada 12 februarie -12 martie 2015 \u00a0expozi\u0163ia &#8222;P\u0102DUREA DIN PIATR\u0102&#8221;.<br \/>\n<\/b><br \/>\nPrin aceast\u0103 expozi\u0163ie se urm\u0103re\u015fte valorificarea patrimoniului muzeal \u015fi educarea publicului vizitator \u00een vederea conserv\u0103rii \u015fi protej\u0103rii mediului din rezerva\u0163iile geologice din jude\u0163ul Suceava \u015fi din \u0163ar\u0103. Expozi\u0163ia se constituie \u00eentr-o ac\u0163iune cultural &#8211; educativ\u0103 pentru toate categoriile de vizitatori, dar \u00eendeosebi pentru tineri, c\u0103rora \u00eencerc\u0103m s\u0103 le trezim interesul pentru istoria \u00eendelungat\u0103 a P\u0103m\u00e2ntului.<\/p>\n<p>Materialul prezentat \u00een expozi\u0163ie apar\u0163ine Colec\u0163iei de Paleontologie a Muzeului de \u015etiin\u0163ele Naturii din Suceava si este format din fragmente de roci ce con\u0163in impresiuni foliare (amprente de frunze) \u015fi fragmente de lemn pietrificat care au existat \u00een Paleozoic , Mezozoic \u015fi Neozoic (Ter\u0163iar) pe teritoriul \u0163\u0103rii noastre. Aceste &#8222;m\u0103rturii \u00een piatr\u0103&#8221; constituie o important\u0103 baz\u0103 \u00een cercetarea florei actuale. O parte important\u0103 a expozi\u0163iei este concretizat\u0103 prin expunerea grafic\u0103 a con\u0163inutului \u015ftiin\u0163ific referitor la obiectul de studiu al Paleontologiei, date despre rezerva\u0163iile fosilifere.<\/p>\n<p>&nbsp;<\/p>\n<p>Programul de vizitare este de mar\u0163i p\u00e2n\u0103 duminic\u0103 \u00een intervalul ora 09-17.<\/p>\n","protected":false},"excerpt":{"rendered":"<p>&nbsp; Muzeul de \u015etiin\u0163ele Naturii \u00a0Suceava organizeaz\u0103 \u00een perioada 12 februarie -12 martie 2015 \u00a0expozi\u0163ia &#8222;P\u0102DUREA DIN PIATR\u0102&#8221;. Prin aceast\u0103 expozi\u0163ie se urm\u0103re\u015fte valorificarea patrimoniului muzeal \u015fi educarea publicului vizitator \u00een vederea conserv\u0103rii \u015fi protej\u0103rii mediului din rezerva\u0163iile geologice din<\/p>\n<div class=\"entry-read-more\"><a class=\"read-more-link\" href=\"https:\/\/cnprsv.ro\/?p=5246\">Read More<span class=\"cleanwp-sr-only\">  Expozi\u0163ia &#8222;P\u0102DUREA DIN PIATR\u0102&#8221;<\/span><\/a><\/div>\n","protected":false},"author":1,"featured_media":0,"comment_status":"closed","ping_status":"open","sticky":false,"template":"","format":"standard","meta":{"_editorskit_title_hidden":false,"_editorskit_reading_time":0,"_editorskit_is_block_options_detached":false,"_editorskit_block_options_position":"{}","footnotes":""},"categories":[1],"tags":[],"class_list":["post-5246","post","type-post","status-publish","format-standard","hentry","category-uncategorized","wpcat-1-id"],"_links":{"self":[{"href":"https:\/\/cnprsv.ro\/index.php?rest_route=\/wp\/v2\/posts\/5246","targetHints":{"allow":["GET"]}}],"collection":[{"href":"https:\/\/cnprsv.ro\/index.php?rest_route=\/wp\/v2\/posts"}],"about":[{"href":"https:\/\/cnprsv.ro\/index.php?rest_route=\/wp\/v2\/types\/post"}],"author":[{"embeddable":true,"href":"https:\/\/cnprsv.ro\/index.php?rest_route=\/wp\/v2\/users\/1"}],"replies":[{"embeddable":true,"href":"https:\/\/cnprsv.ro\/index.php?rest_route=%2Fwp%2Fv2%2Fcomments&post=5246"}],"version-history":[{"count":2,"href":"https:\/\/cnprsv.ro\/index.php?rest_route=\/wp\/v2\/posts\/5246\/revisions"}],"predecessor-version":[{"id":5250,"href":"https:\/\/cnprsv.ro\/index.php?rest_route=\/wp\/v2\/posts\/5246\/revisions\/5250"}],"wp:attachment":[{"href":"https:\/\/cnprsv.ro\/index.php?rest_route=%2Fwp%2Fv2%2Fmedia&parent=5246"}],"wp:term":[{"taxonomy":"category","embeddable":true,"href":"https:\/\/cnprsv.ro\/index.php?rest_route=%2Fwp%2Fv2%2Fcategories&post=5246"},{"taxonomy":"post_tag","embeddable":true,"href":"https:\/\/cnprsv.ro\/index.php?rest_route=%2Fwp%2Fv2%2Ftags&post=5246"}],"curies":[{"name":"wp","href":"https:\/\/api.w.org\/{rel}","templated":true}]}}