{"id":5256,"date":"2015-02-19T10:34:41","date_gmt":"2015-02-19T08:34:41","guid":{"rendered":"http:\/\/cnprsv.ro\/?p=5256"},"modified":"2024-10-11T15:42:26","modified_gmt":"2024-10-11T13:42:26","slug":"karnaval","status":"publish","type":"post","link":"https:\/\/cnprsv.ro\/?p=5256","title":{"rendered":"Karnaval"},"content":{"rendered":"<p><img loading=\"lazy\" decoding=\"async\" class=\"alignright size-full wp-image-5258\" alt=\"karnaval\" src=\"https:\/\/cnprsv.ro\/wp-content\/uploads\/2015\/02\/karnaval.jpg\" width=\"176\" height=\"176\" srcset=\"https:\/\/cnprsv.ro\/wp-content\/uploads\/2015\/02\/karnaval.jpg 295w, https:\/\/cnprsv.ro\/wp-content\/uploads\/2015\/02\/karnaval-150x150.jpg 150w\" sizes=\"auto, (max-width: 176px) 100vw, 176px\" \/><\/p>\n<p>&nbsp;<\/p>\n<p>Duminic\u0103, 15 februarie,\u00a0 a fost o zi plin\u0103 de bucurie \u0219i de culoare pentru copiii din clasa a V- a B de la Colegiul Na\u021bional ,, Petru Rares din Suceava. Ace\u0219tia au venit la <i>Casa\u00a0 Prieteniei<\/i> din Suceava pentru a s\u0103rb\u0103tori <i>L\u0103sata Secului<\/i>. Costuma\u021bi \u00een vr\u0103jitoare, clovni, prin\u021bese, iepura\u0219i, pira\u021bi, cu totii s-u l\u0103sat \u201dprin\u0219i\u201d \u00een aceast\u0103 atmosfer\u0103 de s\u0103rb\u0103toare. Au dansat, au prezentat scurte momente artistice, au fost antrena\u021bi \u00een workshop-uri \u0219i concursuri. \u00a0Al\u0103turi de copii au fost \u015fi p\u0103rin\u0163ii acestora, care au intrat \u015fi ei \u00een atmosfera carnavalului.<\/p>\n<p>&nbsp;<\/p>\n<div id='gallery-1' class='gallery galleryid-5256 gallery-columns-3 gallery-size-thumbnail'><figure class='gallery-item'>\n\t\t\t<div class='gallery-icon landscape'>\n\t\t\t\t<a href='https:\/\/cnprsv.ro\/?attachment_id=5261'><img loading=\"lazy\" decoding=\"async\" width=\"150\" height=\"150\" src=\"https:\/\/cnprsv.ro\/wp-content\/uploads\/2015\/02\/DSCF9879-150x150.jpg\" class=\"attachment-thumbnail size-thumbnail\" alt=\"\" \/><\/a>\n\t\t\t<\/div><\/figure><figure class='gallery-item'>\n\t\t\t<div class='gallery-icon landscape'>\n\t\t\t\t<a href='https:\/\/cnprsv.ro\/?attachment_id=5262'><img loading=\"lazy\" decoding=\"async\" width=\"150\" height=\"150\" src=\"https:\/\/cnprsv.ro\/wp-content\/uploads\/2015\/02\/DSCF9896-150x150.jpg\" class=\"attachment-thumbnail size-thumbnail\" alt=\"\" \/><\/a>\n\t\t\t<\/div><\/figure><figure class='gallery-item'>\n\t\t\t<div class='gallery-icon landscape'>\n\t\t\t\t<a href='https:\/\/cnprsv.ro\/?attachment_id=5263'><img loading=\"lazy\" decoding=\"async\" width=\"150\" height=\"150\" src=\"https:\/\/cnprsv.ro\/wp-content\/uploads\/2015\/02\/DSCF9900-150x150.jpg\" class=\"attachment-thumbnail size-thumbnail\" alt=\"\" \/><\/a>\n\t\t\t<\/div><\/figure>\n\t\t<\/div>\n\n","protected":false},"excerpt":{"rendered":"<p>&nbsp; Duminic\u0103, 15 februarie,\u00a0 a fost o zi plin\u0103 de bucurie \u0219i de culoare pentru copiii din clasa a V- a B de la Colegiul Na\u021bional ,, Petru Rares din Suceava. Ace\u0219tia au venit la Casa\u00a0 Prieteniei din Suceava pentru<\/p>\n<div class=\"entry-read-more\"><a class=\"read-more-link\" href=\"https:\/\/cnprsv.ro\/?p=5256\">Read More<span class=\"cleanwp-sr-only\">  Karnaval<\/span><\/a><\/div>\n","protected":false},"author":1,"featured_media":0,"comment_status":"closed","ping_status":"open","sticky":false,"template":"","format":"standard","meta":{"_editorskit_title_hidden":false,"_editorskit_reading_time":0,"_editorskit_is_block_options_detached":false,"_editorskit_block_options_position":"{}","footnotes":""},"categories":[1],"tags":[],"class_list":["post-5256","post","type-post","status-publish","format-standard","hentry","category-uncategorized","wpcat-1-id"],"_links":{"self":[{"href":"https:\/\/cnprsv.ro\/index.php?rest_route=\/wp\/v2\/posts\/5256","targetHints":{"allow":["GET"]}}],"collection":[{"href":"https:\/\/cnprsv.ro\/index.php?rest_route=\/wp\/v2\/posts"}],"about":[{"href":"https:\/\/cnprsv.ro\/index.php?rest_route=\/wp\/v2\/types\/post"}],"author":[{"embeddable":true,"href":"https:\/\/cnprsv.ro\/index.php?rest_route=\/wp\/v2\/users\/1"}],"replies":[{"embeddable":true,"href":"https:\/\/cnprsv.ro\/index.php?rest_route=%2Fwp%2Fv2%2Fcomments&post=5256"}],"version-history":[{"count":2,"href":"https:\/\/cnprsv.ro\/index.php?rest_route=\/wp\/v2\/posts\/5256\/revisions"}],"predecessor-version":[{"id":5264,"href":"https:\/\/cnprsv.ro\/index.php?rest_route=\/wp\/v2\/posts\/5256\/revisions\/5264"}],"wp:attachment":[{"href":"https:\/\/cnprsv.ro\/index.php?rest_route=%2Fwp%2Fv2%2Fmedia&parent=5256"}],"wp:term":[{"taxonomy":"category","embeddable":true,"href":"https:\/\/cnprsv.ro\/index.php?rest_route=%2Fwp%2Fv2%2Fcategories&post=5256"},{"taxonomy":"post_tag","embeddable":true,"href":"https:\/\/cnprsv.ro\/index.php?rest_route=%2Fwp%2Fv2%2Ftags&post=5256"}],"curies":[{"name":"wp","href":"https:\/\/api.w.org\/{rel}","templated":true}]}}