{"id":5275,"date":"2015-02-23T08:34:29","date_gmt":"2015-02-23T06:34:29","guid":{"rendered":"http:\/\/cnprsv.ro\/?p=5275"},"modified":"2024-10-11T15:42:26","modified_gmt":"2024-10-11T13:42:26","slug":"expozitie-interferente-etnografice","status":"publish","type":"post","link":"https:\/\/cnprsv.ro\/?p=5275","title":{"rendered":"Expozi\u0163ie INTERFEREN\u0162E ETNOGRAFICE"},"content":{"rendered":"<p><a href=\"https:\/\/cnprsv.ro\/wp-content\/uploads\/2015\/02\/afis-interferente-etnografice.jpg\" rel=\"lightbox[5275]\"><img loading=\"lazy\" decoding=\"async\" class=\"alignright size-full wp-image-5276\" alt=\"afis-interferente-etnografice\" src=\"https:\/\/cnprsv.ro\/wp-content\/uploads\/2015\/02\/afis-interferente-etnografice.jpg\" width=\"202\" height=\"284\" \/><\/a><\/p>\n<p>&nbsp;<\/p>\n<p>Muzeul Bucovinei \u00eempreun\u0103 cu partenerul ucrainean &#8211; Muzeul Regional de Arhitectur\u0103 Popular\u0103 \u015fi Trai din Cern\u0103u\u0163i, partenerul moldovean &#8211; Muzeul de Istorie \u015fi Etnografie B\u0103l\u0163i \u015fi partenerul rom\u00e2n &#8211; Consiliul Jude\u0163ean Suceava organizeaz\u0103, \u00een perioada 23 februarie \u2013 14 martie 2015, expozi\u0163ia INTERFEREN\u0162E ETNOGRAFICE. Vernisajul expozi\u0163iei va avea loc \u00een data de 23 februarie 2015, ora 11, la Muzeul de \u015etiin\u0163ele Naturii Suceava. Expozi\u0163iile, organizate de cele trei muzee partenere, sunt realizate \u00een cadrul proiectul transfrontalier &#8222;S\u0103 ne p\u0103str\u0103m trecutul pentru a ne crea viitorul&#8221;.<\/p>\n<p>Mai multe informa\u021bii g\u0103si\u021bi <a href=\"documente\/2015_februarie_expozitie_interferente_etnografice_comunicat_presa_expozitie_RO_UA_MD.pdf\" target=\"_blank\" rel=\"noopener\">aici<\/a>.<\/p>\n<p>&nbsp;<\/p>\n<p>&nbsp;<\/p>\n","protected":false},"excerpt":{"rendered":"<p>&nbsp; Muzeul Bucovinei \u00eempreun\u0103 cu partenerul ucrainean &#8211; Muzeul Regional de Arhitectur\u0103 Popular\u0103 \u015fi Trai din Cern\u0103u\u0163i, partenerul moldovean &#8211; Muzeul de Istorie \u015fi Etnografie B\u0103l\u0163i \u015fi partenerul rom\u00e2n &#8211; Consiliul Jude\u0163ean Suceava organizeaz\u0103, \u00een perioada 23 februarie \u2013 14<\/p>\n<div class=\"entry-read-more\"><a class=\"read-more-link\" href=\"https:\/\/cnprsv.ro\/?p=5275\">Read More<span class=\"cleanwp-sr-only\">  Expozi\u0163ie INTERFEREN\u0162E ETNOGRAFICE<\/span><\/a><\/div>\n","protected":false},"author":1,"featured_media":0,"comment_status":"closed","ping_status":"open","sticky":false,"template":"","format":"standard","meta":{"_editorskit_title_hidden":false,"_editorskit_reading_time":0,"_editorskit_is_block_options_detached":false,"_editorskit_block_options_position":"{}","footnotes":""},"categories":[1],"tags":[],"class_list":["post-5275","post","type-post","status-publish","format-standard","hentry","category-uncategorized","wpcat-1-id"],"_links":{"self":[{"href":"https:\/\/cnprsv.ro\/index.php?rest_route=\/wp\/v2\/posts\/5275","targetHints":{"allow":["GET"]}}],"collection":[{"href":"https:\/\/cnprsv.ro\/index.php?rest_route=\/wp\/v2\/posts"}],"about":[{"href":"https:\/\/cnprsv.ro\/index.php?rest_route=\/wp\/v2\/types\/post"}],"author":[{"embeddable":true,"href":"https:\/\/cnprsv.ro\/index.php?rest_route=\/wp\/v2\/users\/1"}],"replies":[{"embeddable":true,"href":"https:\/\/cnprsv.ro\/index.php?rest_route=%2Fwp%2Fv2%2Fcomments&post=5275"}],"version-history":[{"count":2,"href":"https:\/\/cnprsv.ro\/index.php?rest_route=\/wp\/v2\/posts\/5275\/revisions"}],"predecessor-version":[{"id":11864,"href":"https:\/\/cnprsv.ro\/index.php?rest_route=\/wp\/v2\/posts\/5275\/revisions\/11864"}],"wp:attachment":[{"href":"https:\/\/cnprsv.ro\/index.php?rest_route=%2Fwp%2Fv2%2Fmedia&parent=5275"}],"wp:term":[{"taxonomy":"category","embeddable":true,"href":"https:\/\/cnprsv.ro\/index.php?rest_route=%2Fwp%2Fv2%2Fcategories&post=5275"},{"taxonomy":"post_tag","embeddable":true,"href":"https:\/\/cnprsv.ro\/index.php?rest_route=%2Fwp%2Fv2%2Ftags&post=5275"}],"curies":[{"name":"wp","href":"https:\/\/api.w.org\/{rel}","templated":true}]}}