{"id":5360,"date":"2015-03-25T11:38:23","date_gmt":"2015-03-25T09:38:23","guid":{"rendered":"http:\/\/cnprsv.ro\/?p=5360"},"modified":"2024-10-11T15:42:25","modified_gmt":"2024-10-11T13:42:25","slug":"invitatie-la-simpozionul-international-spatii-de-invatare-pentru-toate-varstele","status":"publish","type":"post","link":"https:\/\/cnprsv.ro\/?p=5360","title":{"rendered":"Invita\u021bie la Simpozionul Interna\u021bional \u201dSpa\u021bii de \u00eenv\u0103\u021bare pentru toate v\u00e2rstele\u201d"},"content":{"rendered":"<p><img loading=\"lazy\" decoding=\"async\" class=\"alignright size-full wp-image-5361\" alt=\"active togetherness\" src=\"https:\/\/cnprsv.ro\/wp-content\/uploads\/2015\/03\/active-togetherness.jpg\" width=\"267\" height=\"133\" srcset=\"https:\/\/cnprsv.ro\/wp-content\/uploads\/2015\/03\/active-togetherness.jpg 600w, https:\/\/cnprsv.ro\/wp-content\/uploads\/2015\/03\/active-togetherness-300x150.jpg 300w\" sizes=\"auto, (max-width: 267px) 100vw, 267px\" \/><\/p>\n<p>Colegiul Na\u021bional \u201cPETRU RARE\u0218\u201d din Suceava, \u00eempreun\u0103 cu Asocia\u021bia \u201dEXCELPIOR a p\u0103rin\u021bilor elevilor Colegiului Na\u021bional Petru Rare\u0219 din Suceava\u201d, organizeaz\u0103 \u00een data de 8 aprilie 2015, ora 9, la sediul colegiului, <b>Simpozionul Interna\u021bional \u201dSpa\u021bii de \u00eenv\u0103\u021bare pentru toate v\u00e2rstele\u201d. <\/b>Simpozionul este organizat \u00een cadrul proiectului Grundtvig ACTIVE TOGETHERNESS, av\u00e2nd perioada de implementare 2013-2015, cu parteneri din Marea Britanie, Italia, Turcia, Cipru \u0219i Polonia.<\/p>\n<p>Sunt invita\u021bi s\u0103 participe profesori, p\u0103rin\u021bi, formatori de adul\u021bi \u0219i de tineret, voluntari care activeaz\u0103 \u00een domeniul educa\u021biei nonformale, persoane care deruleaz\u0103 activit\u0103\u021bi \u00een scop educativ din orice domeniu, din Rom\u00e2nia \u0219i din str\u0103in\u0103tate.<\/p>\n<p>Lucr\u0103rile care vor fi prezentate la simpozion vor urm\u0103ri predilect modul \u00een care un anumit spa\u021biu, construit sau nu \u00een scop educativ, poate deveni un spa\u021biu al \u00eenv\u0103\u021b\u0103rii pentru o anumit\u0103 v\u00e2rst\u0103 sau pentru mai multe. Pot fi aduse la cuno\u0219tin\u021ba participan\u021bilor exemple de bun\u0103 practic\u0103, exemple de ini\u021biative locale \/regionale de reconversie a unor spa\u021bii care au avut ini\u021bial alte destina\u021bii \u00een spa\u021bii ale educa\u021biei, consilierii, exemple de activit\u0103\u021bi educative care se deruleaz\u0103 \u00een spa\u021bii publice. Se poate face referire \u0219i la istoricitatea anumitor spa\u021bii de \u00eenv\u0103\u021bare tradi\u021bionale pentru localitatea, regiunea, sau \u021bara de provenien\u021b\u0103 a referentului, sau la modul \u00een care spa\u021biile \u00ee\u0219i schimb\u0103 aspectul, func\u021bionalitatea \u00een raport cu detina\u021bia lor educativ\u0103 ini\u021bial\u0103. De asemenea, pot fi prezentate spa\u021biile moderne care dau particularitate timpului nostru. Este de preferat ca accentul s\u0103 cad\u0103 pe prezentarea spa\u021biilor de \u00eenv\u0103\u021bare\u00a0 intergenera\u021bional\u0103.<\/p>\n<p>Lucr\u0103rile vor avea maxim 4 pagini, vor fi dactilografiate in Times New Roman, 12 \u0219i pot include imagini, date tabelare, organigrame spa\u021biale\/planuri de utilizare modular\u0103 etc. Ele vor fi trimise pe adresa\u00a0 <a href=\"mailto:gabidumitrascu68@yahoo.com\"><b>gabidumitrascu68@yahoo.com<\/b><\/a> , p\u00e2n\u0103 la data de 5 aprilie 2015, \u0219i <b>vor avea un rezumat \u00een limba englez\u0103 de o pagin\u0103. Acesta va fi publicat pe site-ul <\/b><a href=\"http:\/\/www.activetogetherness.eu\/\"><b>http:\/\/www.activetogetherness.eu\/<\/b><\/a><b> <\/b>Pentru prezentare public\u0103, va fi preg\u0103tit\u0103 o form\u0103 electronic\u0103, cu rol de suport al prezent\u0103rii. La trimiterea lucr\u0103rii se va preciza dac\u0103 autorul dore\u0219te s\u0103 prezinte public lucrarea \u0219i limba \u00een care dore\u0219te s\u0103 fac\u0103 prezentarea \u2013 limba rom\u00e2n\u0103 sau limba englez\u0103, sau doar opteaz\u0103 pentru publicarea sa pe site.<\/p>\n","protected":false},"excerpt":{"rendered":"<p>Colegiul Na\u021bional \u201cPETRU RARE\u0218\u201d din Suceava, \u00eempreun\u0103 cu Asocia\u021bia \u201dEXCELPIOR a p\u0103rin\u021bilor elevilor Colegiului Na\u021bional Petru Rare\u0219 din Suceava\u201d, organizeaz\u0103 \u00een data de 8 aprilie 2015, ora 9, la sediul colegiului, Simpozionul Interna\u021bional \u201dSpa\u021bii de \u00eenv\u0103\u021bare pentru toate v\u00e2rstele\u201d. Simpozionul<\/p>\n<div class=\"entry-read-more\"><a class=\"read-more-link\" href=\"https:\/\/cnprsv.ro\/?p=5360\">Read More<span class=\"cleanwp-sr-only\">  Invita\u021bie la Simpozionul Interna\u021bional \u201dSpa\u021bii de \u00eenv\u0103\u021bare pentru toate v\u00e2rstele\u201d<\/span><\/a><\/div>\n","protected":false},"author":1,"featured_media":0,"comment_status":"closed","ping_status":"open","sticky":false,"template":"","format":"standard","meta":{"_editorskit_title_hidden":false,"_editorskit_reading_time":0,"_editorskit_is_block_options_detached":false,"_editorskit_block_options_position":"{}","footnotes":""},"categories":[1],"tags":[],"class_list":["post-5360","post","type-post","status-publish","format-standard","hentry","category-uncategorized","wpcat-1-id"],"_links":{"self":[{"href":"https:\/\/cnprsv.ro\/index.php?rest_route=\/wp\/v2\/posts\/5360","targetHints":{"allow":["GET"]}}],"collection":[{"href":"https:\/\/cnprsv.ro\/index.php?rest_route=\/wp\/v2\/posts"}],"about":[{"href":"https:\/\/cnprsv.ro\/index.php?rest_route=\/wp\/v2\/types\/post"}],"author":[{"embeddable":true,"href":"https:\/\/cnprsv.ro\/index.php?rest_route=\/wp\/v2\/users\/1"}],"replies":[{"embeddable":true,"href":"https:\/\/cnprsv.ro\/index.php?rest_route=%2Fwp%2Fv2%2Fcomments&post=5360"}],"version-history":[{"count":2,"href":"https:\/\/cnprsv.ro\/index.php?rest_route=\/wp\/v2\/posts\/5360\/revisions"}],"predecessor-version":[{"id":5368,"href":"https:\/\/cnprsv.ro\/index.php?rest_route=\/wp\/v2\/posts\/5360\/revisions\/5368"}],"wp:attachment":[{"href":"https:\/\/cnprsv.ro\/index.php?rest_route=%2Fwp%2Fv2%2Fmedia&parent=5360"}],"wp:term":[{"taxonomy":"category","embeddable":true,"href":"https:\/\/cnprsv.ro\/index.php?rest_route=%2Fwp%2Fv2%2Fcategories&post=5360"},{"taxonomy":"post_tag","embeddable":true,"href":"https:\/\/cnprsv.ro\/index.php?rest_route=%2Fwp%2Fv2%2Ftags&post=5360"}],"curies":[{"name":"wp","href":"https:\/\/api.w.org\/{rel}","templated":true}]}}