{"id":5377,"date":"2015-04-02T13:24:46","date_gmt":"2015-04-02T11:24:46","guid":{"rendered":"http:\/\/cnprsv.ro\/?p=5377"},"modified":"2024-10-11T15:42:25","modified_gmt":"2024-10-11T13:42:25","slug":"festivalul-concurs-de-poezie-nichita-in-luna-lui-marte","status":"publish","type":"post","link":"https:\/\/cnprsv.ro\/?p=5377","title":{"rendered":"Festivalul-concurs de poezie \u201eNichita \u00een luna lui Marte\u201d"},"content":{"rendered":"<p><img loading=\"lazy\" decoding=\"async\" class=\"alignright size-full wp-image-5378\" alt=\"nichita stanescu\" src=\"https:\/\/cnprsv.ro\/wp-content\/uploads\/2015\/04\/nichita-stanescu.jpg\" width=\"207\" height=\"227\" srcset=\"https:\/\/cnprsv.ro\/wp-content\/uploads\/2015\/04\/nichita-stanescu.jpg 871w, https:\/\/cnprsv.ro\/wp-content\/uploads\/2015\/04\/nichita-stanescu-272x300.jpg 272w\" sizes=\"auto, (max-width: 207px) 100vw, 207px\" \/>Pe 31 martie 2015, la Vatra Dornei, s-a desf\u0103\u0219urat\u00a0edi\u0163ia a IX-a a Festivalului jude\u0163ean de poezie \u201eNichita \u00een luna lui Marte\u201d. Concursul \u015fi-a propus s\u0103 aduc\u0103 \u00een aten\u0163ia elevilor no\u0163iuni despre via\u0163a \u015fi opera poetului Nichita St\u0103nescu \u015fi, totodat\u0103, s\u0103 descopere, s\u0103 sprijine \u015fi s\u0103 promoveze noi \u015fi autentice talente \u00een r\u00e2ndul tinerilor din \u00eenv\u0103\u0163\u0103m\u00e2ntul gimnazial \u015fi liceal.<\/p>\n<p>&nbsp;<\/p>\n<p>Juriul a hot\u0103r\u00e2t acordarea urm\u0103toarelor premii:<\/p>\n<p><strong>Marele Premiu \u201eNichita \u00een luna lui Marte\u201d<\/strong> \u2013 Bianca Cristina CO\u0218TIUG, clasa a XI-a, Colegiul Na\u0163ional \u201ePetru Rare\u015f\u201d Suceava<\/p>\n<p>Sec\u021biunea a II-a : Clasele IX-XII<\/p>\n<p style=\"padding-left: 30px;\">Premiul I \u2013 Raluca Ioana R\u00ceMBU, clasa a XI-a, C.N. \u201ePetru Rare\u015f\u201d Suceava<\/p>\n<p style=\"padding-left: 30px;\">Premiul al II-lea \u2013 Diana Andreea BELDEANU, clasa a XI-a, C.N. \u201ePetru Rare\u015f\u201d Suceava<\/p>\n<p style=\"padding-left: 30px;\">Premiul al III-lea \u2013 Lavinia Loredana NECHIFOR, clasa a XI-a, C.N. \u201ePetru Rare\u015f\u201d Suceava<\/p>\n<p style=\"padding-left: 30px;\">Men\u021biunea 1 \u2013 Mihaela DIACONESCU, clasa a XI-a, C.N. \u201ePetru Rare\u015f\u201d Suceava<\/p>\n<p style=\"padding-left: 30px;\">Men\u021biunea 2 \u2013 Razvan Mihai LEPARDA, clasa a X-a , C.N. \u201c\u0218tefan cel Mare\u201d Suceava<\/p>\n<p style=\"padding-left: 30px;\">Premiul Filialei \u201eArboroasa\u201d a Asocia\u021biei Culturale Pro Basarabia \u0219i Bucovina \u2013 Florin Ionut NEGRU, clasa a XII-a , C.N. ,,Spiru Haret\u2019\u2019 Suceava<\/p>\n<p style=\"padding-left: 30px;\">Premiul Asocia\u021biei Scriitorilor \u0219i Arti\u0219tilor din \u021aara Dornelor \u2013 Codruta Irina COROCEA, clasa a IX-a , C.N. \u201cDrago\u0219 Vod\u0103\u201d C\u00e2mpulung Moldovenesc<\/p>\n<p>&nbsp;<\/p>\n<p>Pre\u0219edintele juriului:<\/p>\n<p style=\"padding-left: 30px;\">Carmen Veronica Steiciuc<\/p>\n<p>&nbsp;<\/p>\n<p>Membrii juriului:<\/p>\n<p style=\"padding-left: 30px;\">Alexandru Ovidiu Vintil\u0103<\/p>\n<p style=\"padding-left: 30px;\">Liviu Dorin Clement<\/p>\n<p style=\"padding-left: 30px;\">Rodica Mure\u0219an<\/p>\n<p style=\"padding-left: 30px;\">Viorica Petrovici<\/p>\n<p>&nbsp;<\/p>\n<p>Alecart is Joy. Join Alecart<\/p>\n<p>&nbsp;<\/p>\n<p>&nbsp;<\/p>\n<p>&nbsp;<\/p>\n","protected":false},"excerpt":{"rendered":"<p>Pe 31 martie 2015, la Vatra Dornei, s-a desf\u0103\u0219urat\u00a0edi\u0163ia a IX-a a Festivalului jude\u0163ean de poezie \u201eNichita \u00een luna lui Marte\u201d. Concursul \u015fi-a propus s\u0103 aduc\u0103 \u00een aten\u0163ia elevilor no\u0163iuni despre via\u0163a \u015fi opera poetului Nichita St\u0103nescu \u015fi, totodat\u0103, s\u0103<\/p>\n<div class=\"entry-read-more\"><a class=\"read-more-link\" href=\"https:\/\/cnprsv.ro\/?p=5377\">Read More<span class=\"cleanwp-sr-only\">  Festivalul-concurs de poezie \u201eNichita \u00een luna lui Marte\u201d<\/span><\/a><\/div>\n","protected":false},"author":1,"featured_media":0,"comment_status":"closed","ping_status":"open","sticky":false,"template":"","format":"standard","meta":{"_editorskit_title_hidden":false,"_editorskit_reading_time":0,"_editorskit_is_block_options_detached":false,"_editorskit_block_options_position":"{}","footnotes":""},"categories":[1],"tags":[],"class_list":["post-5377","post","type-post","status-publish","format-standard","hentry","category-uncategorized","wpcat-1-id"],"_links":{"self":[{"href":"https:\/\/cnprsv.ro\/index.php?rest_route=\/wp\/v2\/posts\/5377","targetHints":{"allow":["GET"]}}],"collection":[{"href":"https:\/\/cnprsv.ro\/index.php?rest_route=\/wp\/v2\/posts"}],"about":[{"href":"https:\/\/cnprsv.ro\/index.php?rest_route=\/wp\/v2\/types\/post"}],"author":[{"embeddable":true,"href":"https:\/\/cnprsv.ro\/index.php?rest_route=\/wp\/v2\/users\/1"}],"replies":[{"embeddable":true,"href":"https:\/\/cnprsv.ro\/index.php?rest_route=%2Fwp%2Fv2%2Fcomments&post=5377"}],"version-history":[{"count":2,"href":"https:\/\/cnprsv.ro\/index.php?rest_route=\/wp\/v2\/posts\/5377\/revisions"}],"predecessor-version":[{"id":5381,"href":"https:\/\/cnprsv.ro\/index.php?rest_route=\/wp\/v2\/posts\/5377\/revisions\/5381"}],"wp:attachment":[{"href":"https:\/\/cnprsv.ro\/index.php?rest_route=%2Fwp%2Fv2%2Fmedia&parent=5377"}],"wp:term":[{"taxonomy":"category","embeddable":true,"href":"https:\/\/cnprsv.ro\/index.php?rest_route=%2Fwp%2Fv2%2Fcategories&post=5377"},{"taxonomy":"post_tag","embeddable":true,"href":"https:\/\/cnprsv.ro\/index.php?rest_route=%2Fwp%2Fv2%2Ftags&post=5377"}],"curies":[{"name":"wp","href":"https:\/\/api.w.org\/{rel}","templated":true}]}}