{"id":5447,"date":"2015-04-16T12:24:13","date_gmt":"2015-04-16T10:24:13","guid":{"rendered":"http:\/\/cnprsv.ro\/?p=5447"},"modified":"2024-10-11T15:42:25","modified_gmt":"2024-10-11T13:42:25","slug":"concerte-de-paste","status":"publish","type":"post","link":"https:\/\/cnprsv.ro\/?p=5447","title":{"rendered":"Spectacole la Casa de Cultur\u0103"},"content":{"rendered":"<p>&nbsp;<\/p>\n<p dir=\"ltr\" id=\"yui_3_16_0_1_1429173653177_13270\"><span id=\"yui_3_16_0_1_1429173653177_13269\" style=\"font-size: large;\"><span id=\"yui_3_16_0_1_1429173653177_13268\" style=\"color: #cc0000;\">17 aprilie 2015, ora 18.30 &#8211; Filarmonica Boto\u015fani &#8211; Concert de Pa\u015fte &#8211; pre\u0163 bilet 40 lei (30 lei pt elevi, studen\u0163i \u015fi pensionari);<\/span><\/span><\/p>\n<div dir=\"ltr\" id=\"yui_3_16_0_1_1429173653177_13290\">\n<p><span style=\"font-size: large;\"><span style=\"color: #0000ff;\">24 aprilie 2015, ora 18.30 &#8211; Concert Franco Midiri &#8211; pre\u0163 bilet 35 lei;<\/span><br \/>\n<\/span><\/p>\n<div id=\"yui_3_16_0_1_1429173653177_13287\">\n<p id=\"yui_3_16_0_1_1429173653177_13286\"><span id=\"yui_3_16_0_1_1429173653177_13285\" style=\"font-size: large;\"><span id=\"yui_3_16_0_1_1429173653177_13284\" style=\"color: #38761d;\">25 aprilie 2015, ora 20.00 &#8211; The National Dance Company of Ireland &#8211; RHYTHM OF THE DANCE &#8211; pre\u0163 bilet 200 sau 150 lei \u00een func\u0163ie de a\u015fezarea \u00een sal\u0103;<\/span><\/span><\/p>\n<div id=\"yui_3_16_0_1_1429173653177_13292\">\n<p><span style=\"font-size: large;\"><span style=\"color: #351c75;\">07 mai 2015, ora 19.00 &#8211; Str\u0103ini \u00een noapte &#8211; pre\u0163 bilet 50 lei (30 lei pt elevi, studen\u0163i \u015fi pensionari).<\/span><\/span><\/p>\n<p>&nbsp;<\/p>\n<p id=\"yui_3_16_0_1_1429173653177_13294\"><span id=\"yui_3_16_0_1_1429173653177_13293\" style=\"color: #000000; font-size: large;\">Mai multe informa\u0163ii se g\u0103sesc \u00een afi\u015fele ata\u015fate.<\/span><\/p>\n<p id=\"yui_3_16_0_1_1429173653177_13297\"><span id=\"yui_3_16_0_1_1429173653177_13296\" style=\"font-size: large;\">Pentru alte informa\u0163ii sau rezerv\u0103ri, tel 0230 523 718.<\/span><\/p>\n<p>&nbsp;<\/p>\n<div><\/div>\n<div>\n&nbsp;<\/p>\n<div id='gallery-1' class='gallery galleryid-5447 gallery-columns-2 gallery-size-thumbnail'><figure class='gallery-item'>\n\t\t\t<div class='gallery-icon portrait'>\n\t\t\t\t<a href='https:\/\/cnprsv.ro\/?attachment_id=5449'><img loading=\"lazy\" decoding=\"async\" width=\"150\" height=\"150\" src=\"https:\/\/cnprsv.ro\/wp-content\/uploads\/2015\/04\/24-apr-2015-Franco-Midiri-150x150.jpg\" class=\"attachment-thumbnail size-thumbnail\" alt=\"\" \/><\/a>\n\t\t\t<\/div><\/figure><figure class='gallery-item'>\n\t\t\t<div class='gallery-icon portrait'>\n\t\t\t\t<a href='https:\/\/cnprsv.ro\/?attachment_id=5450'><img loading=\"lazy\" decoding=\"async\" width=\"150\" height=\"150\" src=\"https:\/\/cnprsv.ro\/wp-content\/uploads\/2015\/04\/25-aprilie-Rhythm-of-the-dance-150x150.jpg\" class=\"attachment-thumbnail size-thumbnail\" alt=\"\" \/><\/a>\n\t\t\t<\/div><\/figure><figure class='gallery-item'>\n\t\t\t<div class='gallery-icon portrait'>\n\t\t\t\t<a href='https:\/\/cnprsv.ro\/?attachment_id=5451'><img loading=\"lazy\" decoding=\"async\" width=\"150\" height=\"150\" src=\"https:\/\/cnprsv.ro\/wp-content\/uploads\/2015\/04\/07-mai-2015-Straini-in-noapte-150x150.jpg\" class=\"attachment-thumbnail size-thumbnail\" alt=\"\" \/><\/a>\n\t\t\t<\/div><\/figure><figure class='gallery-item'>\n\t\t\t<div class='gallery-icon portrait'>\n\t\t\t\t<a href='https:\/\/cnprsv.ro\/?attachment_id=5452'><img loading=\"lazy\" decoding=\"async\" width=\"150\" height=\"150\" src=\"https:\/\/cnprsv.ro\/wp-content\/uploads\/2015\/04\/17-aprilie-Concert-de-Paste-150x150.jpg\" class=\"attachment-thumbnail size-thumbnail\" alt=\"\" \/><\/a>\n\t\t\t<\/div><\/figure>\n\t\t<\/div>\n\n<\/div>\n<\/div>\n<\/div>\n<\/div>\n","protected":false},"excerpt":{"rendered":"<p>&nbsp; 17 aprilie 2015, ora 18.30 &#8211; Filarmonica Boto\u015fani &#8211; Concert de Pa\u015fte &#8211; pre\u0163 bilet 40 lei (30 lei pt elevi, studen\u0163i \u015fi pensionari); 24 aprilie 2015, ora 18.30 &#8211; Concert Franco Midiri &#8211; pre\u0163 bilet 35 lei; 25<\/p>\n<div class=\"entry-read-more\"><a class=\"read-more-link\" href=\"https:\/\/cnprsv.ro\/?p=5447\">Read More<span class=\"cleanwp-sr-only\">  Spectacole la Casa de Cultur\u0103<\/span><\/a><\/div>\n","protected":false},"author":1,"featured_media":0,"comment_status":"closed","ping_status":"open","sticky":false,"template":"","format":"standard","meta":{"_editorskit_title_hidden":false,"_editorskit_reading_time":0,"_editorskit_is_block_options_detached":false,"_editorskit_block_options_position":"{}","footnotes":""},"categories":[1],"tags":[],"class_list":["post-5447","post","type-post","status-publish","format-standard","hentry","category-uncategorized","wpcat-1-id"],"_links":{"self":[{"href":"https:\/\/cnprsv.ro\/index.php?rest_route=\/wp\/v2\/posts\/5447","targetHints":{"allow":["GET"]}}],"collection":[{"href":"https:\/\/cnprsv.ro\/index.php?rest_route=\/wp\/v2\/posts"}],"about":[{"href":"https:\/\/cnprsv.ro\/index.php?rest_route=\/wp\/v2\/types\/post"}],"author":[{"embeddable":true,"href":"https:\/\/cnprsv.ro\/index.php?rest_route=\/wp\/v2\/users\/1"}],"replies":[{"embeddable":true,"href":"https:\/\/cnprsv.ro\/index.php?rest_route=%2Fwp%2Fv2%2Fcomments&post=5447"}],"version-history":[{"count":2,"href":"https:\/\/cnprsv.ro\/index.php?rest_route=\/wp\/v2\/posts\/5447\/revisions"}],"predecessor-version":[{"id":5457,"href":"https:\/\/cnprsv.ro\/index.php?rest_route=\/wp\/v2\/posts\/5447\/revisions\/5457"}],"wp:attachment":[{"href":"https:\/\/cnprsv.ro\/index.php?rest_route=%2Fwp%2Fv2%2Fmedia&parent=5447"}],"wp:term":[{"taxonomy":"category","embeddable":true,"href":"https:\/\/cnprsv.ro\/index.php?rest_route=%2Fwp%2Fv2%2Fcategories&post=5447"},{"taxonomy":"post_tag","embeddable":true,"href":"https:\/\/cnprsv.ro\/index.php?rest_route=%2Fwp%2Fv2%2Ftags&post=5447"}],"curies":[{"name":"wp","href":"https:\/\/api.w.org\/{rel}","templated":true}]}}