{"id":5624,"date":"2015-10-14T14:30:17","date_gmt":"2015-10-14T12:30:17","guid":{"rendered":"http:\/\/cnprsv.ro\/?p=5624"},"modified":"2024-10-11T15:42:11","modified_gmt":"2024-10-11T13:42:11","slug":"seara-de-poezie","status":"publish","type":"post","link":"https:\/\/cnprsv.ro\/?p=5624","title":{"rendered":"Sear\u0103 de Poezie"},"content":{"rendered":"<p><img loading=\"lazy\" decoding=\"async\" class=\"alignright size-medium wp-image-6070\" src=\"https:\/\/cnprsv.ro\/wp-content\/uploads\/2015\/04\/afis-seara-de-poezie-alecart-9-212x300.jpg\" alt=\"afis seara de poezie alecart 9\" width=\"212\" height=\"300\" srcset=\"https:\/\/cnprsv.ro\/wp-content\/uploads\/2015\/04\/afis-seara-de-poezie-alecart-9-212x300.jpg 212w, https:\/\/cnprsv.ro\/wp-content\/uploads\/2015\/04\/afis-seara-de-poezie-alecart-9-724x1024.jpg 724w\" sizes=\"auto, (max-width: 212px) 100vw, 212px\" \/><\/p>\n<p>&nbsp;<\/p>\n<p>Clubul de Poezie ALECART (fostul Cenaclu literar al liceenilor \u201eS\u0103get\u0103torul\u201d) organizeaz\u0103 joi, 15 octombrie 2015, \u00eencep\u00e2nd cu ora 17.00, \u00een aula Colegiului Na\u021bional \u201ePetru Rare\u015f\u201d, o nou\u0103 Sear\u0103 de Poezie. Cite\u0219te din crea\u021bia proprie Alina Iuliana Verde\u0219. Invitatul edi\u021biei este poetul Vlad Sibechi, doctorand al Universit\u0103\u021bii &#8222;\u0218tefan cel Mare&#8221;. Moderatorul manifest\u0103rii este prof. Gheorghe C\u00eerstian. \u0218edin\u021bele Clubului de Poezie sunt bilunare. Ele se desf\u0103\u0219oar\u0103, de regul\u0103, joia, \u00eencep\u00e2nd cu ora 17.00, \u00een aula Colegiului Na\u0163ional \u201ePetru Rare\u015f\u201d. Sunt a\u0219tepta\u021bi s\u0103 participe liceeni \u0219i studen\u021bi. Clubul de Poezie Alecart este parte a proiectului cultural Alecart. Alecart is joy. Join Alecart. Detalii:\u00a0<a href=\"http:\/\/alecart.ro\/\" target=\"_blank\" rel=\"noopener\">http:\/\/alecart.ro\/<\/a><\/p>\n<p>&nbsp;<\/p>\n<p>&nbsp;<\/p>\n<p>&nbsp;<\/p>\n","protected":false},"excerpt":{"rendered":"<p>&nbsp; Clubul de Poezie ALECART (fostul Cenaclu literar al liceenilor \u201eS\u0103get\u0103torul\u201d) organizeaz\u0103 joi, 15 octombrie 2015, \u00eencep\u00e2nd cu ora 17.00, \u00een aula Colegiului Na\u021bional \u201ePetru Rare\u015f\u201d, o nou\u0103 Sear\u0103 de Poezie. Cite\u0219te din crea\u021bia proprie Alina Iuliana Verde\u0219. Invitatul edi\u021biei<\/p>\n<div class=\"entry-read-more\"><a class=\"read-more-link\" href=\"https:\/\/cnprsv.ro\/?p=5624\">Read More<span class=\"cleanwp-sr-only\">  Sear\u0103 de Poezie<\/span><\/a><\/div>\n","protected":false},"author":1,"featured_media":0,"comment_status":"closed","ping_status":"open","sticky":false,"template":"","format":"standard","meta":{"_editorskit_title_hidden":false,"_editorskit_reading_time":0,"_editorskit_is_block_options_detached":false,"_editorskit_block_options_position":"{}","footnotes":""},"categories":[1],"tags":[],"class_list":["post-5624","post","type-post","status-publish","format-standard","hentry","category-uncategorized","wpcat-1-id"],"_links":{"self":[{"href":"https:\/\/cnprsv.ro\/index.php?rest_route=\/wp\/v2\/posts\/5624","targetHints":{"allow":["GET"]}}],"collection":[{"href":"https:\/\/cnprsv.ro\/index.php?rest_route=\/wp\/v2\/posts"}],"about":[{"href":"https:\/\/cnprsv.ro\/index.php?rest_route=\/wp\/v2\/types\/post"}],"author":[{"embeddable":true,"href":"https:\/\/cnprsv.ro\/index.php?rest_route=\/wp\/v2\/users\/1"}],"replies":[{"embeddable":true,"href":"https:\/\/cnprsv.ro\/index.php?rest_route=%2Fwp%2Fv2%2Fcomments&post=5624"}],"version-history":[{"count":3,"href":"https:\/\/cnprsv.ro\/index.php?rest_route=\/wp\/v2\/posts\/5624\/revisions"}],"predecessor-version":[{"id":11838,"href":"https:\/\/cnprsv.ro\/index.php?rest_route=\/wp\/v2\/posts\/5624\/revisions\/11838"}],"wp:attachment":[{"href":"https:\/\/cnprsv.ro\/index.php?rest_route=%2Fwp%2Fv2%2Fmedia&parent=5624"}],"wp:term":[{"taxonomy":"category","embeddable":true,"href":"https:\/\/cnprsv.ro\/index.php?rest_route=%2Fwp%2Fv2%2Fcategories&post=5624"},{"taxonomy":"post_tag","embeddable":true,"href":"https:\/\/cnprsv.ro\/index.php?rest_route=%2Fwp%2Fv2%2Ftags&post=5624"}],"curies":[{"name":"wp","href":"https:\/\/api.w.org\/{rel}","templated":true}]}}