{"id":5651,"date":"2015-05-12T19:51:41","date_gmt":"2015-05-12T17:51:41","guid":{"rendered":"http:\/\/cnprsv.ro\/?p=5651"},"modified":"2024-10-11T15:42:25","modified_gmt":"2024-10-11T13:42:25","slug":"salonul-studentului-francofon-studii-si-cariere","status":"publish","type":"post","link":"https:\/\/cnprsv.ro\/?p=5651","title":{"rendered":"Salonul Studentului Francofon \u201eStudii \u015fi Cariere\u201d"},"content":{"rendered":"<p>Agen\u021bia Campus France Paris \u0219i serviciul Campus France Rom\u00e2nia, \u00een colaborare cu Institutul francez din Bucure\u015fti \u0219i Ambasada Fran\u0163ei \u00een Rom\u00e2nia, cu sprijinul Camerei Franceze de Comer\u0163 \u015fi Industrie din Rom\u00e2nia, au pl\u0103cerea de a invita pe elevii la Salonul Studentului Francofon \u201eStudii \u015fi Cariere\u201d, care va avea loc pe 19 \u015fi 20 mai 2015, \u00eentre orele 11.00 \u0219i 18.00, la Institutul francez din Bucure\u015fti.<\/p>\n<div id=\"yui_3_16_0_1_1431452196279_6373\">Vor fi prezente universit\u0103\u021bi \u0219i \u0219coli franceze, filiere francofone ale universit\u0103\u021bilor din Rom\u00e2nia \u0219i \u00eentreprinderi franceze prezente pe pia\u021ba rom\u00e2neasc\u0103.<\/div>\n<p>Mai multe detalii \u0219i informa\u021bii g\u0103si\u021bi \u00een\u00a0 \u00bb Orientare \u0219colar\u0103 \u00bb <a href=\"https:\/\/cnprsv.ro\/?page_id=3184\">Universit\u0103\u021bi<\/a>.<\/p>\n<div id=\"yui_3_16_0_1_1431452196279_6375\"><\/div>\n<p><a href=\"https:\/\/cnprsv.ro\/wp-content\/uploads\/2015\/05\/2015_mai_Salonul_Studentului_Francofon_Studii_Cariere.jpg\" rel=\"lightbox[5651]\"><img loading=\"lazy\" decoding=\"async\" class=\"aligncenter size-medium wp-image-5652\" alt=\"Affiche\" src=\"https:\/\/cnprsv.ro\/wp-content\/uploads\/2015\/05\/2015_mai_Salonul_Studentului_Francofon_Studii_Cariere-212x300.jpg\" width=\"212\" height=\"300\" srcset=\"https:\/\/cnprsv.ro\/wp-content\/uploads\/2015\/05\/2015_mai_Salonul_Studentului_Francofon_Studii_Cariere-212x300.jpg 212w, https:\/\/cnprsv.ro\/wp-content\/uploads\/2015\/05\/2015_mai_Salonul_Studentului_Francofon_Studii_Cariere-724x1024.jpg 724w\" sizes=\"auto, (max-width: 212px) 100vw, 212px\" \/><\/a><\/p>\n<p>&nbsp;<\/p>\n<p>&nbsp;<\/p>\n","protected":false},"excerpt":{"rendered":"<p>Agen\u021bia Campus France Paris \u0219i serviciul Campus France Rom\u00e2nia, \u00een colaborare cu Institutul francez din Bucure\u015fti \u0219i Ambasada Fran\u0163ei \u00een Rom\u00e2nia, cu sprijinul Camerei Franceze de Comer\u0163 \u015fi Industrie din Rom\u00e2nia, au pl\u0103cerea de a invita pe elevii la Salonul<\/p>\n<div class=\"entry-read-more\"><a class=\"read-more-link\" href=\"https:\/\/cnprsv.ro\/?p=5651\">Read More<span class=\"cleanwp-sr-only\">  Salonul Studentului Francofon \u201eStudii \u015fi Cariere\u201d<\/span><\/a><\/div>\n","protected":false},"author":1,"featured_media":0,"comment_status":"closed","ping_status":"open","sticky":false,"template":"","format":"standard","meta":{"_editorskit_title_hidden":false,"_editorskit_reading_time":0,"_editorskit_is_block_options_detached":false,"_editorskit_block_options_position":"{}","footnotes":""},"categories":[1],"tags":[],"class_list":["post-5651","post","type-post","status-publish","format-standard","hentry","category-uncategorized","wpcat-1-id"],"_links":{"self":[{"href":"https:\/\/cnprsv.ro\/index.php?rest_route=\/wp\/v2\/posts\/5651","targetHints":{"allow":["GET"]}}],"collection":[{"href":"https:\/\/cnprsv.ro\/index.php?rest_route=\/wp\/v2\/posts"}],"about":[{"href":"https:\/\/cnprsv.ro\/index.php?rest_route=\/wp\/v2\/types\/post"}],"author":[{"embeddable":true,"href":"https:\/\/cnprsv.ro\/index.php?rest_route=\/wp\/v2\/users\/1"}],"replies":[{"embeddable":true,"href":"https:\/\/cnprsv.ro\/index.php?rest_route=%2Fwp%2Fv2%2Fcomments&post=5651"}],"version-history":[{"count":2,"href":"https:\/\/cnprsv.ro\/index.php?rest_route=\/wp\/v2\/posts\/5651\/revisions"}],"predecessor-version":[{"id":5663,"href":"https:\/\/cnprsv.ro\/index.php?rest_route=\/wp\/v2\/posts\/5651\/revisions\/5663"}],"wp:attachment":[{"href":"https:\/\/cnprsv.ro\/index.php?rest_route=%2Fwp%2Fv2%2Fmedia&parent=5651"}],"wp:term":[{"taxonomy":"category","embeddable":true,"href":"https:\/\/cnprsv.ro\/index.php?rest_route=%2Fwp%2Fv2%2Fcategories&post=5651"},{"taxonomy":"post_tag","embeddable":true,"href":"https:\/\/cnprsv.ro\/index.php?rest_route=%2Fwp%2Fv2%2Ftags&post=5651"}],"curies":[{"name":"wp","href":"https:\/\/api.w.org\/{rel}","templated":true}]}}