{"id":5657,"date":"2015-05-13T10:29:08","date_gmt":"2015-05-13T08:29:08","guid":{"rendered":"http:\/\/cnprsv.ro\/?p=5657"},"modified":"2024-10-11T15:42:25","modified_gmt":"2024-10-11T13:42:25","slug":"invitatie-la-casa-de-cultura-a-sindicatelor","status":"publish","type":"post","link":"https:\/\/cnprsv.ro\/?p=5657","title":{"rendered":"Invita\u021bie la Casa de Cultur\u0103 a Sindicatelor"},"content":{"rendered":"<p>Casa de Cultur\u0103 a Sindicatelor Suceava v\u0103 invit\u0103:<\/p>\n<ul>\n<li><strong>Mar\u0163i<\/strong>, 19 mai 2015, orele 19.oo la DAN PURIC, \u201dConferin\u0163\u0103 despre identitatea rom\u00e2neasc\u0103\u201d<\/li>\n<li><strong>Joi<\/strong>, 21 mai 2015, orele 19.oo TEATRUL METROPOLIS prezint\u0103: \u201dGAI\u0162ELE\u201d de Alexandru Chiri\u0163escu \u00een regia Dan Tudor cu: FLORINA CERCEL, RODICA POPESCU BIT\u0102NESCU, ILEANA STANA IONESCU<\/li>\n<\/ul>\n<p>&nbsp;<\/p>\n<p><a href=\"https:\/\/cnprsv.ro\/wp-content\/uploads\/2015\/05\/21-mai-2015-Gaitele-copy.jpg\" rel=\"lightbox[5657]\"><img loading=\"lazy\" decoding=\"async\" class=\"aligncenter size-medium wp-image-5658\" alt=\"21 mai 2015 Gaitele copy\" src=\"https:\/\/cnprsv.ro\/wp-content\/uploads\/2015\/05\/21-mai-2015-Gaitele-copy-225x300.jpg\" width=\"225\" height=\"300\" srcset=\"https:\/\/cnprsv.ro\/wp-content\/uploads\/2015\/05\/21-mai-2015-Gaitele-copy-225x300.jpg 225w, https:\/\/cnprsv.ro\/wp-content\/uploads\/2015\/05\/21-mai-2015-Gaitele-copy-768x1024.jpg 768w\" sizes=\"auto, (max-width: 225px) 100vw, 225px\" \/><\/a><\/p>\n<p>&nbsp;<\/p>\n<p><a href=\"https:\/\/cnprsv.ro\/wp-content\/uploads\/2015\/05\/19-mai-2015-Dan-Puric-copy.jpg\" rel=\"lightbox[5657]\"><img loading=\"lazy\" decoding=\"async\" class=\"aligncenter size-medium wp-image-5659\" alt=\"19 mai 2015 Dan Puric copy\" src=\"https:\/\/cnprsv.ro\/wp-content\/uploads\/2015\/05\/19-mai-2015-Dan-Puric-copy-225x300.jpg\" width=\"225\" height=\"300\" srcset=\"https:\/\/cnprsv.ro\/wp-content\/uploads\/2015\/05\/19-mai-2015-Dan-Puric-copy-225x300.jpg 225w, https:\/\/cnprsv.ro\/wp-content\/uploads\/2015\/05\/19-mai-2015-Dan-Puric-copy-768x1024.jpg 768w\" sizes=\"auto, (max-width: 225px) 100vw, 225px\" \/><\/a><\/p>\n","protected":false},"excerpt":{"rendered":"<p>Casa de Cultur\u0103 a Sindicatelor Suceava v\u0103 invit\u0103: Mar\u0163i, 19 mai 2015, orele 19.oo la DAN PURIC, \u201dConferin\u0163\u0103 despre identitatea rom\u00e2neasc\u0103\u201d Joi, 21 mai 2015, orele 19.oo TEATRUL METROPOLIS prezint\u0103: \u201dGAI\u0162ELE\u201d de Alexandru Chiri\u0163escu \u00een regia Dan Tudor cu: FLORINA<\/p>\n<div class=\"entry-read-more\"><a class=\"read-more-link\" href=\"https:\/\/cnprsv.ro\/?p=5657\">Read More<span class=\"cleanwp-sr-only\">  Invita\u021bie la Casa de Cultur\u0103 a Sindicatelor<\/span><\/a><\/div>\n","protected":false},"author":1,"featured_media":0,"comment_status":"closed","ping_status":"open","sticky":false,"template":"","format":"standard","meta":{"_editorskit_title_hidden":false,"_editorskit_reading_time":0,"_editorskit_is_block_options_detached":false,"_editorskit_block_options_position":"{}","footnotes":""},"categories":[1],"tags":[],"class_list":["post-5657","post","type-post","status-publish","format-standard","hentry","category-uncategorized","wpcat-1-id"],"_links":{"self":[{"href":"https:\/\/cnprsv.ro\/index.php?rest_route=\/wp\/v2\/posts\/5657","targetHints":{"allow":["GET"]}}],"collection":[{"href":"https:\/\/cnprsv.ro\/index.php?rest_route=\/wp\/v2\/posts"}],"about":[{"href":"https:\/\/cnprsv.ro\/index.php?rest_route=\/wp\/v2\/types\/post"}],"author":[{"embeddable":true,"href":"https:\/\/cnprsv.ro\/index.php?rest_route=\/wp\/v2\/users\/1"}],"replies":[{"embeddable":true,"href":"https:\/\/cnprsv.ro\/index.php?rest_route=%2Fwp%2Fv2%2Fcomments&post=5657"}],"version-history":[{"count":1,"href":"https:\/\/cnprsv.ro\/index.php?rest_route=\/wp\/v2\/posts\/5657\/revisions"}],"predecessor-version":[{"id":5660,"href":"https:\/\/cnprsv.ro\/index.php?rest_route=\/wp\/v2\/posts\/5657\/revisions\/5660"}],"wp:attachment":[{"href":"https:\/\/cnprsv.ro\/index.php?rest_route=%2Fwp%2Fv2%2Fmedia&parent=5657"}],"wp:term":[{"taxonomy":"category","embeddable":true,"href":"https:\/\/cnprsv.ro\/index.php?rest_route=%2Fwp%2Fv2%2Fcategories&post=5657"},{"taxonomy":"post_tag","embeddable":true,"href":"https:\/\/cnprsv.ro\/index.php?rest_route=%2Fwp%2Fv2%2Ftags&post=5657"}],"curies":[{"name":"wp","href":"https:\/\/api.w.org\/{rel}","templated":true}]}}