{"id":5862,"date":"2015-09-13T19:32:57","date_gmt":"2015-09-13T17:32:57","guid":{"rendered":"http:\/\/cnprsv.ro\/?p=5862"},"modified":"2024-10-11T15:42:11","modified_gmt":"2024-10-11T13:42:11","slug":"programul-zilei-de-luni-14-septembrie","status":"publish","type":"post","link":"https:\/\/cnprsv.ro\/?p=5862","title":{"rendered":"Programul zilei de luni, 14 septembrie"},"content":{"rendered":"<p><img loading=\"lazy\" decoding=\"async\" class=\"alignright size-full wp-image-593\" src=\"https:\/\/cnprsv.ro\/wp-content\/uploads\/2011\/03\/wings.png\" alt=\"sigla CNPR\" width=\"100\" height=\"97\" \/><\/p>\n<p>Ora 9 \u2013 <strong>Festivitatea de deschidere<\/strong><\/p>\n<p>Dup\u0103 \u00eencheierea festivit\u0103\u021bii, elevii claselor a V-a \u0219i a IX-a vor desf\u0103\u0219ura prima or\u0103 de dirigen\u021bie, conform repartiz\u0103rii de mai jos. Ceilal\u021bi elevi vor reveni la \u0219coal\u0103 a doua zi; orarul zilei de mar\u021bi va fi afi\u0219at pe site-ul colegiului \u0219i la avizierul elevilor.<\/p>\n<p>&nbsp;<\/p>\n<p><strong>Programarea s\u0103lilor<\/strong>:<\/p>\n<p>Clasa a V-a \u2013 sala 14, parter<\/p>\n<p>Clasa a IX-a A, filologie bilingv englez\u0103\/francez\u0103 \u2013 sala 24, etaj I<\/p>\n<p>Clasa a IX-a B, \u0219tiin\u021be sociale bilingv englez\u0103 \u2013 sala 12, parter<\/p>\n<p>Clasa a IX-a C, \u0219tiin\u021be sociale \u2013 sala 22, etaj I<\/p>\n<p>Clasa a IX-a D, \u0219tiin\u021bele naturii bilingv englez\u0103\/german\u0103 \u2013 sala 45, etaj II<\/p>\n<p>Clasa a IX-a E, matematic\u0103-informatic\u0103, bilingv englez\u0103 \u2013 sala 23, etaj I<\/p>\n<p>Clasa a IX-a F, matematic\u0103-informatic\u0103, bilingv francez\u0103\/german\u0103 \u2013 sala 43, etaj II<\/p>\n<p>Clasa a IX-a G, matematic\u0103-informatic\u0103 \u2013 sala 46, etaj II<\/p>\n<p>Clasa a IX-a H, matematic\u0103-informatic\u0103, intensiv informatic\u0103 \u2013 sala 16, etaj I<\/p>\n<p>Clasa a IX-a I, \u0219tiin\u021bele naturii \u2013 sala 47, etaj II<\/p>\n<p>&nbsp;<\/p>\n<p>&nbsp;<\/p>\n","protected":false},"excerpt":{"rendered":"<p>Ora 9 \u2013 Festivitatea de deschidere Dup\u0103 \u00eencheierea festivit\u0103\u021bii, elevii claselor a V-a \u0219i a IX-a vor desf\u0103\u0219ura prima or\u0103 de dirigen\u021bie, conform repartiz\u0103rii de mai jos. Ceilal\u021bi elevi vor reveni la \u0219coal\u0103 a doua zi; orarul zilei de mar\u021bi<\/p>\n<div class=\"entry-read-more\"><a class=\"read-more-link\" href=\"https:\/\/cnprsv.ro\/?p=5862\">Read More<span class=\"cleanwp-sr-only\">  Programul zilei de luni, 14 septembrie<\/span><\/a><\/div>\n","protected":false},"author":1,"featured_media":0,"comment_status":"closed","ping_status":"open","sticky":false,"template":"","format":"standard","meta":{"_editorskit_title_hidden":false,"_editorskit_reading_time":0,"_editorskit_is_block_options_detached":false,"_editorskit_block_options_position":"{}","footnotes":""},"categories":[1],"tags":[],"class_list":["post-5862","post","type-post","status-publish","format-standard","hentry","category-uncategorized","wpcat-1-id"],"_links":{"self":[{"href":"https:\/\/cnprsv.ro\/index.php?rest_route=\/wp\/v2\/posts\/5862","targetHints":{"allow":["GET"]}}],"collection":[{"href":"https:\/\/cnprsv.ro\/index.php?rest_route=\/wp\/v2\/posts"}],"about":[{"href":"https:\/\/cnprsv.ro\/index.php?rest_route=\/wp\/v2\/types\/post"}],"author":[{"embeddable":true,"href":"https:\/\/cnprsv.ro\/index.php?rest_route=\/wp\/v2\/users\/1"}],"replies":[{"embeddable":true,"href":"https:\/\/cnprsv.ro\/index.php?rest_route=%2Fwp%2Fv2%2Fcomments&post=5862"}],"version-history":[{"count":1,"href":"https:\/\/cnprsv.ro\/index.php?rest_route=\/wp\/v2\/posts\/5862\/revisions"}],"predecessor-version":[{"id":5863,"href":"https:\/\/cnprsv.ro\/index.php?rest_route=\/wp\/v2\/posts\/5862\/revisions\/5863"}],"wp:attachment":[{"href":"https:\/\/cnprsv.ro\/index.php?rest_route=%2Fwp%2Fv2%2Fmedia&parent=5862"}],"wp:term":[{"taxonomy":"category","embeddable":true,"href":"https:\/\/cnprsv.ro\/index.php?rest_route=%2Fwp%2Fv2%2Fcategories&post=5862"},{"taxonomy":"post_tag","embeddable":true,"href":"https:\/\/cnprsv.ro\/index.php?rest_route=%2Fwp%2Fv2%2Ftags&post=5862"}],"curies":[{"name":"wp","href":"https:\/\/api.w.org\/{rel}","templated":true}]}}