{"id":6124,"date":"2015-10-30T15:12:49","date_gmt":"2015-10-30T13:12:49","guid":{"rendered":"http:\/\/cnprsv.ro\/?p=6124"},"modified":"2024-10-11T15:42:11","modified_gmt":"2024-10-11T13:42:11","slug":"oamenii-timpului","status":"publish","type":"post","link":"https:\/\/cnprsv.ro\/?p=6124","title":{"rendered":"Oamenii Timpului"},"content":{"rendered":"<p><img loading=\"lazy\" decoding=\"async\" class=\"alignright wp-image-6125\" src=\"https:\/\/cnprsv.ro\/wp-content\/uploads\/2015\/10\/oamenii-timpului-300x203.jpg\" alt=\"oamenii timpului\" width=\"228\" height=\"154\" srcset=\"https:\/\/cnprsv.ro\/wp-content\/uploads\/2015\/10\/oamenii-timpului-300x203.jpg 300w, https:\/\/cnprsv.ro\/wp-content\/uploads\/2015\/10\/oamenii-timpului.jpg 308w\" sizes=\"auto, (max-width: 228px) 100vw, 228px\" \/>Avem deosebita onoare s\u0103 v\u0103 invit\u0103m la Gala <em>Oamenii Timpului<\/em> din Suceava, manifestare organizat\u0103 de Asocia\u021bia Revistei TIMPUL, din Ia\u0219i.<\/p>\n<p>Evenimentul va avea loc la data de 31 octombrie 2015, \u00een Libr\u0103ria C\u0103rture\u0219ti, Iulius Mall, Suceava, \u00eencep\u00e2nd cu ora 18.00.<\/p>\n<p>Scopul Galei <em>Oamenii Timpului<\/em> din Suceava este ca aceast\u0103 comunitate s\u0103 \u00ee\u0219i prezinte reveren\u021ba \u00een fa\u021ba celor zece nominaliza\u021bi locali, care \u00een urma deciziei Juriului Na\u021bional vor lua parte la Gala <em>Oamenii Timpului<\/em> ce se va desf\u0103\u0219ura la Ia\u0219i, s\u00e2mb\u0103t\u0103, 12 decembrie 2015, \u00een Sala Mare a Teatrului Na\u021bional \u201eVasile Alecsandri\u201d, al\u0103turi de al\u021bi \u0219aptezeci de nominaliza\u021bi proveni\u021bi din zona de desf\u0103\u0219urare a Campaniei (<a href=\"http:\/\/www.oameniitimpului.ro\" target=\"_blank\" rel=\"noopener\">www.oameniitimpului.ro<\/a>).<\/p>\n<p>\u00cen cadrul Galei extraordinare de la Ia\u0219i vor fi premia\u021bi cei zece c\u00e2\u0219tig\u0103tori ai Trofeului <em>Oamenii Timpului<\/em> 2015.<\/p>\n<p>&nbsp;<\/p>\n<p>&nbsp;<\/p>\n<p>&nbsp;<\/p>\n<p>&nbsp;<\/p>\n<p>&nbsp;<\/p>\n","protected":false},"excerpt":{"rendered":"<p>Avem deosebita onoare s\u0103 v\u0103 invit\u0103m la Gala Oamenii Timpului din Suceava, manifestare organizat\u0103 de Asocia\u021bia Revistei TIMPUL, din Ia\u0219i. Evenimentul va avea loc la data de 31 octombrie 2015, \u00een Libr\u0103ria C\u0103rture\u0219ti, Iulius Mall, Suceava, \u00eencep\u00e2nd cu ora 18.00.<\/p>\n<div class=\"entry-read-more\"><a class=\"read-more-link\" href=\"https:\/\/cnprsv.ro\/?p=6124\">Read More<span class=\"cleanwp-sr-only\">  Oamenii Timpului<\/span><\/a><\/div>\n","protected":false},"author":1,"featured_media":0,"comment_status":"closed","ping_status":"open","sticky":false,"template":"","format":"standard","meta":{"_editorskit_title_hidden":false,"_editorskit_reading_time":0,"_editorskit_is_block_options_detached":false,"_editorskit_block_options_position":"{}","footnotes":""},"categories":[1],"tags":[],"class_list":["post-6124","post","type-post","status-publish","format-standard","hentry","category-uncategorized","wpcat-1-id"],"_links":{"self":[{"href":"https:\/\/cnprsv.ro\/index.php?rest_route=\/wp\/v2\/posts\/6124","targetHints":{"allow":["GET"]}}],"collection":[{"href":"https:\/\/cnprsv.ro\/index.php?rest_route=\/wp\/v2\/posts"}],"about":[{"href":"https:\/\/cnprsv.ro\/index.php?rest_route=\/wp\/v2\/types\/post"}],"author":[{"embeddable":true,"href":"https:\/\/cnprsv.ro\/index.php?rest_route=\/wp\/v2\/users\/1"}],"replies":[{"embeddable":true,"href":"https:\/\/cnprsv.ro\/index.php?rest_route=%2Fwp%2Fv2%2Fcomments&post=6124"}],"version-history":[{"count":3,"href":"https:\/\/cnprsv.ro\/index.php?rest_route=\/wp\/v2\/posts\/6124\/revisions"}],"predecessor-version":[{"id":11836,"href":"https:\/\/cnprsv.ro\/index.php?rest_route=\/wp\/v2\/posts\/6124\/revisions\/11836"}],"wp:attachment":[{"href":"https:\/\/cnprsv.ro\/index.php?rest_route=%2Fwp%2Fv2%2Fmedia&parent=6124"}],"wp:term":[{"taxonomy":"category","embeddable":true,"href":"https:\/\/cnprsv.ro\/index.php?rest_route=%2Fwp%2Fv2%2Fcategories&post=6124"},{"taxonomy":"post_tag","embeddable":true,"href":"https:\/\/cnprsv.ro\/index.php?rest_route=%2Fwp%2Fv2%2Ftags&post=6124"}],"curies":[{"name":"wp","href":"https:\/\/api.w.org\/{rel}","templated":true}]}}