{"id":6173,"date":"2015-11-23T14:26:32","date_gmt":"2015-11-23T12:26:32","guid":{"rendered":"http:\/\/cnprsv.ro\/?p=6173"},"modified":"2024-10-11T15:42:10","modified_gmt":"2024-10-11T13:42:10","slug":"deschiderea-teatrului-municipal-matei-visniec","status":"publish","type":"post","link":"https:\/\/cnprsv.ro\/?p=6173","title":{"rendered":"Deschiderea teatrului municipal &#8222;Matei Vi\u0219niec\u201d"},"content":{"rendered":"<p><a href=\"https:\/\/cnprsv.ro\/wp-content\/uploads\/2015\/11\/afis-angajare-de-clovn.jpg\" rel=\"lightbox[6173]\"><img loading=\"lazy\" decoding=\"async\" class=\"alignright wp-image-6179\" src=\"https:\/\/cnprsv.ro\/wp-content\/uploads\/2015\/11\/afis-angajare-de-clovn-701x1024.jpg\" alt=\"afis angajare de clovn\" width=\"220\" height=\"322\" srcset=\"https:\/\/cnprsv.ro\/wp-content\/uploads\/2015\/11\/afis-angajare-de-clovn-701x1024.jpg 701w, https:\/\/cnprsv.ro\/wp-content\/uploads\/2015\/11\/afis-angajare-de-clovn-205x300.jpg 205w\" sizes=\"auto, (max-width: 220px) 100vw, 220px\" \/><\/a><\/p>\n<p>&nbsp;<\/p>\n<p style=\"text-align: center;\"><strong>TEATRUL MUNICIPAL \u201eMATEI VISNIEC\u201d SUCEAVA<\/strong><\/p>\n<p style=\"text-align: center;\">Comunicat de pres\u0103<\/p>\n<p>&nbsp;<\/p>\n<p>Prim\u0103ria Municipiului Suceava \u015fi Teatrul Municipal \u201e Matei Vi\u015fniec\u201d Suceava v\u0103 invit\u0103 la primul spectacol care se va juca pe scena teatrului sucevean, duminic\u0103, 29 noiembrie 2015, la ora 18.00.<\/p>\n<p>Ca un omagiu adus dramaturgului bucovinean Matei Vi\u015fniec, care a acceptat ca teatrul nou \u00eenfiin\u0163at la Suceava s\u0103-i poarte numele, primul spectacol jucat este \u201eAngajare de clovn\u201d, dupa piesa care-i poart\u0103 semn\u0103tura, spectacol pus \u00een scen\u0103 la Teatrul George Ciprian din Buz\u0103u, \u00een regia lui Daniel Bucur, \u015fi aflat \u00een premier\u0103 la Suceava cu o distribu\u0163ie de excep\u0163ie: Ionel Mih\u0103ilescu, Magda Catone \u015fi Paul Chiribu\u0163\u0103. Asistent regie: Simona Hodo\u015f. Scenografie: Carmen Paiu \u015fi Valeriu Mladin. Muzica: Adrian Fundescu.<\/p>\n<p>Biletele se g\u0103sesc \u00eencep\u00e2nd de s\u00e2mb\u0103t\u0103, 21 noiembrie 2015, la Casa de bilete a Teatrului Municipal \u201e Matei Vi\u015fniec\u201d Suceava, \u00een cl\u0103direa \u201eModern\u201d, zilnic, de luni p\u00e2n\u0103 vineri \u00eentre orele 15.00 \u2013 20.00, iar s\u00e2mb\u0103t\u0103 \u015fi duminic\u0103 \u00eentre orele 9.00 \u2013 21.00. Costul unui bilet este de 20 lei pentru adul\u0163i \u015fi 10 lei pentru elevi, studen\u0163i \u015fi pensionari.<\/p>\n<p>Evenimentul se desf\u0103soar\u0103, precum multe dintre evenimentele sucevene actuale, sub egida Suceava 2021, contribuind al\u0103turi de acestea, la diversificarea vie\u0163ii culturale sucevene \u015fi sus\u0163inerea candidaturii orasului Suceava, \u00eempreun\u0103 cu Bucovina, \u00een competi\u0163ia pentru titlul de Capital\u0103 European\u0103 a Culturii 2021.<\/p>\n<p>Sinopsis: Trei clovni, parteneri din tinere\u0163e, se reg\u0103sesc \u00eentr-o sal\u0103 de a\u015fteptare pentru o audi\u0163ie. Sunt b\u0103tr\u00e2ni, dep\u0103\u015fi\u0163i \u015fi \u00een a\u015fteptarea disperat\u0103 a cuiva care s\u0103-i angajeze. Dup\u0103 bucuria revederii, intervine anguasa competi\u0163iei. Nicollo, Filippo \u015fi Peppino se lupt\u0103 pentru o slujb\u0103 incert\u0103. Fiecare, convins de talentul s\u0103u artistic, \u00eencearc\u0103 s\u0103 se impun\u0103 \u00een fa\u0163a celorlal\u0163i. Toate armele sunt folosite de c\u0103tre cei trei clovni la pensie: intimidarea, ipocrizia, tr\u0103darea, r\u0103utatea, batjocura, violen\u0163a. Ei sunt, pe r\u00e2nd, victime sau atacatori \u00eentr-o lume aburd\u0103, f\u0103r\u0103 ie\u015fire, cu accente beckettiene: absurditatea situa\u0163iei, dar \u015fi a limbajului na\u015fte situa\u0163ii comice, \u00een \u00eenl\u0103n\u0163uiri nesf\u00e2r\u015fite.<\/p>\n<p>Se refugiaz\u0103 \u00een amintiri pentru a uita de anguasa situa\u0163iei actuale, retr\u0103ind numere de clovnerie executate \u00eempreun\u0103 cu succes. \u00cencearc\u0103 astfel s\u0103 scape de realitatea crud\u0103: acum nimeni nu are nevoie de ei. Prietenia ce-i leag\u0103 nu reu\u015fe\u015fte s\u0103 estompeze setea de a fi recunoscut drept cel mai bun.<\/p>\n<p>Clovnul, o fiin\u0163\u0103 profund metafizic\u0103, o fiin\u0163\u0103 cu picioarele pe p\u0103m\u00e2nt \u015fi capul \u00een nori, care este preocupat\u0103 de ziua de m\u00e2ine, de hrana \u015fi ad\u0103postul lui, dar \u00een acela\u015fi timp, prin eforturile sale artistice naive, derizorii \u015fi f\u0103r\u0103 \u0163int\u0103, devine un arhetip al condi\u0163iei umane.<\/p>\n<p>Partenerii media ai evenimentului sunt: Zile si Nopti Suceava, Clement media, Crai Nou Suceava, Monitorul de Suceava, Obiectiv de Suceava, Jup\u00e2nu\u2019, Intermedia TV, Plus TV, Bucovina TV, Alecart, Radio Top Suceava, Radio AS, Radio Viva, NewsBucovina, SuceavaLive, TVR Ia\u0219i, Radio Iasi,\u00a0<a href=\"http:\/\/orasulsuceava.ro\/\">orasulsuceava.ro<\/a>., Impact FM, Fan Orion Media, Newsme.<\/p>\n<p>&nbsp;<\/p>\n<p>&nbsp;<\/p>\n<p>&nbsp;<\/p>\n","protected":false},"excerpt":{"rendered":"<p>&nbsp; TEATRUL MUNICIPAL \u201eMATEI VISNIEC\u201d SUCEAVA Comunicat de pres\u0103 &nbsp; Prim\u0103ria Municipiului Suceava \u015fi Teatrul Municipal \u201e Matei Vi\u015fniec\u201d Suceava v\u0103 invit\u0103 la primul spectacol care se va juca pe scena teatrului sucevean, duminic\u0103, 29 noiembrie 2015, la ora 18.00.<\/p>\n<div class=\"entry-read-more\"><a class=\"read-more-link\" href=\"https:\/\/cnprsv.ro\/?p=6173\">Read More<span class=\"cleanwp-sr-only\">  Deschiderea teatrului municipal &#8222;Matei Vi\u0219niec\u201d<\/span><\/a><\/div>\n","protected":false},"author":1,"featured_media":0,"comment_status":"closed","ping_status":"open","sticky":false,"template":"","format":"standard","meta":{"_editorskit_title_hidden":false,"_editorskit_reading_time":0,"_editorskit_is_block_options_detached":false,"_editorskit_block_options_position":"{}","footnotes":""},"categories":[1],"tags":[],"class_list":["post-6173","post","type-post","status-publish","format-standard","hentry","category-uncategorized","wpcat-1-id"],"_links":{"self":[{"href":"https:\/\/cnprsv.ro\/index.php?rest_route=\/wp\/v2\/posts\/6173","targetHints":{"allow":["GET"]}}],"collection":[{"href":"https:\/\/cnprsv.ro\/index.php?rest_route=\/wp\/v2\/posts"}],"about":[{"href":"https:\/\/cnprsv.ro\/index.php?rest_route=\/wp\/v2\/types\/post"}],"author":[{"embeddable":true,"href":"https:\/\/cnprsv.ro\/index.php?rest_route=\/wp\/v2\/users\/1"}],"replies":[{"embeddable":true,"href":"https:\/\/cnprsv.ro\/index.php?rest_route=%2Fwp%2Fv2%2Fcomments&post=6173"}],"version-history":[{"count":2,"href":"https:\/\/cnprsv.ro\/index.php?rest_route=\/wp\/v2\/posts\/6173\/revisions"}],"predecessor-version":[{"id":6182,"href":"https:\/\/cnprsv.ro\/index.php?rest_route=\/wp\/v2\/posts\/6173\/revisions\/6182"}],"wp:attachment":[{"href":"https:\/\/cnprsv.ro\/index.php?rest_route=%2Fwp%2Fv2%2Fmedia&parent=6173"}],"wp:term":[{"taxonomy":"category","embeddable":true,"href":"https:\/\/cnprsv.ro\/index.php?rest_route=%2Fwp%2Fv2%2Fcategories&post=6173"},{"taxonomy":"post_tag","embeddable":true,"href":"https:\/\/cnprsv.ro\/index.php?rest_route=%2Fwp%2Fv2%2Ftags&post=6173"}],"curies":[{"name":"wp","href":"https:\/\/api.w.org\/{rel}","templated":true}]}}