{"id":6322,"date":"2015-12-31T12:58:05","date_gmt":"2015-12-31T10:58:05","guid":{"rendered":"http:\/\/cnprsv.ro\/?p=6322"},"modified":"2024-10-11T15:42:10","modified_gmt":"2024-10-11T13:42:10","slug":"alecart-va-ureaza-la-multi-ani","status":"publish","type":"post","link":"https:\/\/cnprsv.ro\/?p=6322","title":{"rendered":"ALECART v\u0103 ureaz\u0103 LA MUL\u021aI ANI!"},"content":{"rendered":"<p>Proiectul ALECART, av\u00e2nd drept centru de greutate revista de atitudine cultural\u0103 ALECART, a fost onorat, prin <strong>domnul profesor<\/strong> <strong>Gheorghe C\u00ceRSTIAN<\/strong>, unul dintre coordonatorii s\u0103i, propus la categoria <strong>Literatur\u0103<\/strong>, cu <strong>Premiul Oamenii Timpului<\/strong>. Este cea mai \u00eenalt\u0103 distinc\u021bie acordat\u0103 p\u00e2n\u0103 \u00een prezent revistei ALECART. Distinc\u021bia a fost acordat\u0103 la <strong>Gala Extraordinar\u0103 a Campaniei \u201eOamenii Timpului\u201d<\/strong>, desf\u0103\u0219urat\u0103 la Ia\u0219i, \u00een spa\u021biul generos al Teatrului Na\u021bional \u201eVasile Alecsandri\u201d. De asemenea, domnului profesor <strong>Gheorghe C\u00ceRSTIAN <\/strong>i-a fost conferit de c\u0103tre <strong>Societatea Scriitorilor Bucovineni<\/strong> (pre\u0219edint\u0103, poeta Carmen Veronica Steiciuc) <strong>Premiul de Excelen\u021b\u0103<\/strong> pentru coordonarea Clubului de Poezie ALECART. <a href=\"https:\/\/cnprsv.ro\/?page_id=6331\" target=\"_blank\" rel=\"noopener\">Cite\u0219te mai mult<\/a>.<\/p>\n<p>A ap\u0103rut num\u0103rul 15 al revistei ALECART. Revista poate fi citit\u0103 la bibliotec\u0103. De asemenea, revista poate fi desc\u0103rcat\u0103 de pe site-ul <a href=\"http:\/\/alecart.ro\/nr15\" target=\"_blank\" rel=\"noopener\">http:\/\/alecart.ro\/nr15<\/a>. Lectur\u0103 pl\u0103cut\u0103!<\/p>\n<p>&nbsp;<\/p>\n<p><a href=\"https:\/\/cnprsv.ro\/wp-content\/uploads\/2015\/12\/Poza_Urare.jpg\" rel=\"lightbox[6322]\"><img loading=\"lazy\" decoding=\"async\" class=\"aligncenter size-medium wp-image-6323\" src=\"https:\/\/cnprsv.ro\/wp-content\/uploads\/2015\/12\/Poza_Urare-300x300.jpg\" alt=\"Poza_Urare\" width=\"300\" height=\"300\" srcset=\"https:\/\/cnprsv.ro\/wp-content\/uploads\/2015\/12\/Poza_Urare-300x300.jpg 300w, https:\/\/cnprsv.ro\/wp-content\/uploads\/2015\/12\/Poza_Urare-150x150.jpg 150w, https:\/\/cnprsv.ro\/wp-content\/uploads\/2015\/12\/Poza_Urare.jpg 900w\" sizes=\"auto, (max-width: 300px) 100vw, 300px\" \/><\/a><\/p>\n","protected":false},"excerpt":{"rendered":"<p>Proiectul ALECART, av\u00e2nd drept centru de greutate revista de atitudine cultural\u0103 ALECART, a fost onorat, prin domnul profesor Gheorghe C\u00ceRSTIAN, unul dintre coordonatorii s\u0103i, propus la categoria Literatur\u0103, cu Premiul Oamenii Timpului. Este cea mai \u00eenalt\u0103 distinc\u021bie acordat\u0103 p\u00e2n\u0103 \u00een<\/p>\n<div class=\"entry-read-more\"><a class=\"read-more-link\" href=\"https:\/\/cnprsv.ro\/?p=6322\">Read More<span class=\"cleanwp-sr-only\">  ALECART v\u0103 ureaz\u0103 LA MUL\u021aI ANI!<\/span><\/a><\/div>\n","protected":false},"author":1,"featured_media":0,"comment_status":"closed","ping_status":"open","sticky":false,"template":"","format":"standard","meta":{"_editorskit_title_hidden":false,"_editorskit_reading_time":0,"_editorskit_is_block_options_detached":false,"_editorskit_block_options_position":"{}","footnotes":""},"categories":[1],"tags":[],"class_list":["post-6322","post","type-post","status-publish","format-standard","hentry","category-uncategorized","wpcat-1-id"],"_links":{"self":[{"href":"https:\/\/cnprsv.ro\/index.php?rest_route=\/wp\/v2\/posts\/6322","targetHints":{"allow":["GET"]}}],"collection":[{"href":"https:\/\/cnprsv.ro\/index.php?rest_route=\/wp\/v2\/posts"}],"about":[{"href":"https:\/\/cnprsv.ro\/index.php?rest_route=\/wp\/v2\/types\/post"}],"author":[{"embeddable":true,"href":"https:\/\/cnprsv.ro\/index.php?rest_route=\/wp\/v2\/users\/1"}],"replies":[{"embeddable":true,"href":"https:\/\/cnprsv.ro\/index.php?rest_route=%2Fwp%2Fv2%2Fcomments&post=6322"}],"version-history":[{"count":3,"href":"https:\/\/cnprsv.ro\/index.php?rest_route=\/wp\/v2\/posts\/6322\/revisions"}],"predecessor-version":[{"id":11825,"href":"https:\/\/cnprsv.ro\/index.php?rest_route=\/wp\/v2\/posts\/6322\/revisions\/11825"}],"wp:attachment":[{"href":"https:\/\/cnprsv.ro\/index.php?rest_route=%2Fwp%2Fv2%2Fmedia&parent=6322"}],"wp:term":[{"taxonomy":"category","embeddable":true,"href":"https:\/\/cnprsv.ro\/index.php?rest_route=%2Fwp%2Fv2%2Fcategories&post=6322"},{"taxonomy":"post_tag","embeddable":true,"href":"https:\/\/cnprsv.ro\/index.php?rest_route=%2Fwp%2Fv2%2Ftags&post=6322"}],"curies":[{"name":"wp","href":"https:\/\/api.w.org\/{rel}","templated":true}]}}