{"id":6366,"date":"2016-01-21T10:51:49","date_gmt":"2016-01-21T08:51:49","guid":{"rendered":"http:\/\/cnprsv.ro\/?p=6366"},"modified":"2024-10-11T15:42:10","modified_gmt":"2024-10-11T13:42:10","slug":"ziua-unirii-principatelor-romane","status":"publish","type":"post","link":"https:\/\/cnprsv.ro\/?p=6366","title":{"rendered":"Ziua Unirii Principatelor Rom\u00e2ne"},"content":{"rendered":"<p><a href=\"https:\/\/cnprsv.ro\/wp-content\/uploads\/2016\/01\/afis-Unirea-principatelor-2016-copy.jpg\" rel=\"lightbox[6366]\"><img loading=\"lazy\" decoding=\"async\" class=\"alignright wp-image-6367\" src=\"https:\/\/cnprsv.ro\/wp-content\/uploads\/2016\/01\/afis-Unirea-principatelor-2016-copy-212x300.jpg\" alt=\"afis Unirea principatelor 2016 copy\" width=\"156\" height=\"221\" srcset=\"https:\/\/cnprsv.ro\/wp-content\/uploads\/2016\/01\/afis-Unirea-principatelor-2016-copy-212x300.jpg 212w, https:\/\/cnprsv.ro\/wp-content\/uploads\/2016\/01\/afis-Unirea-principatelor-2016-copy-724x1024.jpg 724w, https:\/\/cnprsv.ro\/wp-content\/uploads\/2016\/01\/afis-Unirea-principatelor-2016-copy.jpg 1168w\" sizes=\"auto, (max-width: 156px) 100vw, 156px\" \/><\/a><\/p>\n<p>&nbsp;<\/p>\n<p>Ziua Unirii Principatelor Rom\u00e2ne va fi marcat\u0103 de Muzeul Bucovinei Suceava printr-o manifestare organizat\u0103 duminic\u0103, 24 ianuarie 2016, ora 15, la Muzeul de \u0218tiin\u021bele Naturii. Asocia\u021bia Cultural\u0103<em> Friedrich Schwartz<\/em> va sus\u021bine un spectacol intitulat <strong>C\u00e2ntecele Unirii<\/strong>, dedicat acestui moment important al istoriei na\u021bionale \u0219i Cristina P\u00e2nzaru, muzeograf la Sec\u021bia Istorie va vorbi despre <strong>\u00censemn\u0103tatea Unirii \u0219i personalitatea domnitorului Alexandru Ioan Cuza &#8211; 157 de ani de la Unirea Principatelor<\/strong>.<\/p>\n<p>Intrarea este liber\u0103.<\/p>\n<p>&nbsp;<\/p>\n<p>&nbsp;<\/p>\n<p>&nbsp;<\/p>\n","protected":false},"excerpt":{"rendered":"<p>&nbsp; Ziua Unirii Principatelor Rom\u00e2ne va fi marcat\u0103 de Muzeul Bucovinei Suceava printr-o manifestare organizat\u0103 duminic\u0103, 24 ianuarie 2016, ora 15, la Muzeul de \u0218tiin\u021bele Naturii. Asocia\u021bia Cultural\u0103 Friedrich Schwartz va sus\u021bine un spectacol intitulat C\u00e2ntecele Unirii, dedicat acestui moment<\/p>\n<div class=\"entry-read-more\"><a class=\"read-more-link\" href=\"https:\/\/cnprsv.ro\/?p=6366\">Read More<span class=\"cleanwp-sr-only\">  Ziua Unirii Principatelor Rom\u00e2ne<\/span><\/a><\/div>\n","protected":false},"author":1,"featured_media":0,"comment_status":"closed","ping_status":"open","sticky":false,"template":"","format":"standard","meta":{"_editorskit_title_hidden":false,"_editorskit_reading_time":0,"_editorskit_is_block_options_detached":false,"_editorskit_block_options_position":"{}","footnotes":""},"categories":[1],"tags":[],"class_list":["post-6366","post","type-post","status-publish","format-standard","hentry","category-uncategorized","wpcat-1-id"],"_links":{"self":[{"href":"https:\/\/cnprsv.ro\/index.php?rest_route=\/wp\/v2\/posts\/6366","targetHints":{"allow":["GET"]}}],"collection":[{"href":"https:\/\/cnprsv.ro\/index.php?rest_route=\/wp\/v2\/posts"}],"about":[{"href":"https:\/\/cnprsv.ro\/index.php?rest_route=\/wp\/v2\/types\/post"}],"author":[{"embeddable":true,"href":"https:\/\/cnprsv.ro\/index.php?rest_route=\/wp\/v2\/users\/1"}],"replies":[{"embeddable":true,"href":"https:\/\/cnprsv.ro\/index.php?rest_route=%2Fwp%2Fv2%2Fcomments&post=6366"}],"version-history":[{"count":2,"href":"https:\/\/cnprsv.ro\/index.php?rest_route=\/wp\/v2\/posts\/6366\/revisions"}],"predecessor-version":[{"id":6369,"href":"https:\/\/cnprsv.ro\/index.php?rest_route=\/wp\/v2\/posts\/6366\/revisions\/6369"}],"wp:attachment":[{"href":"https:\/\/cnprsv.ro\/index.php?rest_route=%2Fwp%2Fv2%2Fmedia&parent=6366"}],"wp:term":[{"taxonomy":"category","embeddable":true,"href":"https:\/\/cnprsv.ro\/index.php?rest_route=%2Fwp%2Fv2%2Fcategories&post=6366"},{"taxonomy":"post_tag","embeddable":true,"href":"https:\/\/cnprsv.ro\/index.php?rest_route=%2Fwp%2Fv2%2Ftags&post=6366"}],"curies":[{"name":"wp","href":"https:\/\/api.w.org\/{rel}","templated":true}]}}