{"id":6428,"date":"2016-02-16T17:03:31","date_gmt":"2016-02-16T15:03:31","guid":{"rendered":"http:\/\/cnprsv.ro\/?p=6428"},"modified":"2024-10-11T15:42:10","modified_gmt":"2024-10-11T13:42:10","slug":"delf-junior-et-eleves","status":"publish","type":"post","link":"https:\/\/cnprsv.ro\/?p=6428","title":{"rendered":"DELF junior et eleves"},"content":{"rendered":"<p><img loading=\"lazy\" decoding=\"async\" class=\"alignright  wp-image-1734\" src=\"https:\/\/cnprsv.ro\/wp-content\/uploads\/2011\/11\/Steagul-Frantei-300x225.jpg\" alt=\"Steagul-Frantei\" width=\"152\" height=\"114\" srcset=\"https:\/\/cnprsv.ro\/wp-content\/uploads\/2011\/11\/Steagul-Frantei-300x225.jpg 300w, https:\/\/cnprsv.ro\/wp-content\/uploads\/2011\/11\/Steagul-Frantei.jpg 800w\" sizes=\"auto, (max-width: 152px) 100vw, 152px\" \/><\/p>\n<p>S\u00e2mb\u0103t\u0103, 20 februarie, \u0219i duminic\u0103, 21 februarie 2016, la Colegiul Na\u021bional \u201cPetru Rare\u0219\u201d se va desf\u0103\u0219ura a doua sesiune <u>DELF junior et eleves<\/u>, sub patronajul Institutului Francez Ia\u0219i.<\/p>\n<p>Ecoul pe care l-a avut prima sesiune, organizat\u0103 \u00een luna februarie a anului trecut, \u00een r\u00e2ndul elevilor francofoni din jude\u021bul Suceava, a f\u0103cut ca \u0219i anul acesta limba francez\u0103 \u0219i valorizarea ei prin diploma DELF \u2013 interna\u021bional recunoscut\u0103 \u2013 s\u0103 adune noi adep\u021bi.<\/p>\n<p><em>\u00a0<\/em><\/p>\n<p><em>Succes candida\u021bilor \u00eenscri\u0219i\u00a0!<\/em><\/p>\n<p>&nbsp;<\/p>\n","protected":false},"excerpt":{"rendered":"<p>S\u00e2mb\u0103t\u0103, 20 februarie, \u0219i duminic\u0103, 21 februarie 2016, la Colegiul Na\u021bional \u201cPetru Rare\u0219\u201d se va desf\u0103\u0219ura a doua sesiune DELF junior et eleves, sub patronajul Institutului Francez Ia\u0219i. Ecoul pe care l-a avut prima sesiune, organizat\u0103 \u00een luna februarie a<\/p>\n<div class=\"entry-read-more\"><a class=\"read-more-link\" href=\"https:\/\/cnprsv.ro\/?p=6428\">Read More<span class=\"cleanwp-sr-only\">  DELF junior et eleves<\/span><\/a><\/div>\n","protected":false},"author":1,"featured_media":0,"comment_status":"closed","ping_status":"open","sticky":false,"template":"","format":"standard","meta":{"_editorskit_title_hidden":false,"_editorskit_reading_time":0,"_editorskit_is_block_options_detached":false,"_editorskit_block_options_position":"{}","footnotes":""},"categories":[1],"tags":[],"class_list":["post-6428","post","type-post","status-publish","format-standard","hentry","category-uncategorized","wpcat-1-id"],"_links":{"self":[{"href":"https:\/\/cnprsv.ro\/index.php?rest_route=\/wp\/v2\/posts\/6428","targetHints":{"allow":["GET"]}}],"collection":[{"href":"https:\/\/cnprsv.ro\/index.php?rest_route=\/wp\/v2\/posts"}],"about":[{"href":"https:\/\/cnprsv.ro\/index.php?rest_route=\/wp\/v2\/types\/post"}],"author":[{"embeddable":true,"href":"https:\/\/cnprsv.ro\/index.php?rest_route=\/wp\/v2\/users\/1"}],"replies":[{"embeddable":true,"href":"https:\/\/cnprsv.ro\/index.php?rest_route=%2Fwp%2Fv2%2Fcomments&post=6428"}],"version-history":[{"count":2,"href":"https:\/\/cnprsv.ro\/index.php?rest_route=\/wp\/v2\/posts\/6428\/revisions"}],"predecessor-version":[{"id":6430,"href":"https:\/\/cnprsv.ro\/index.php?rest_route=\/wp\/v2\/posts\/6428\/revisions\/6430"}],"wp:attachment":[{"href":"https:\/\/cnprsv.ro\/index.php?rest_route=%2Fwp%2Fv2%2Fmedia&parent=6428"}],"wp:term":[{"taxonomy":"category","embeddable":true,"href":"https:\/\/cnprsv.ro\/index.php?rest_route=%2Fwp%2Fv2%2Fcategories&post=6428"},{"taxonomy":"post_tag","embeddable":true,"href":"https:\/\/cnprsv.ro\/index.php?rest_route=%2Fwp%2Fv2%2Ftags&post=6428"}],"curies":[{"name":"wp","href":"https:\/\/api.w.org\/{rel}","templated":true}]}}