{"id":6451,"date":"2016-02-23T16:36:37","date_gmt":"2016-02-23T14:36:37","guid":{"rendered":"http:\/\/cnprsv.ro\/?p=6451"},"modified":"2024-10-11T15:42:10","modified_gmt":"2024-10-11T13:42:10","slug":"6451","status":"publish","type":"post","link":"https:\/\/cnprsv.ro\/?p=6451","title":{"rendered":"&#8222;Flori de Februarie&#8221;"},"content":{"rendered":"<p><a href=\"https:\/\/cnprsv.ro\/wp-content\/uploads\/2016\/02\/afis-flori-de-gheata.jpg\" rel=\"lightbox[6451]\"><img loading=\"lazy\" decoding=\"async\" class=\"alignright wp-image-6458\" src=\"https:\/\/cnprsv.ro\/wp-content\/uploads\/2016\/02\/afis-flori-de-gheata-213x300.jpg\" alt=\"afis flori de gheata\" width=\"149\" height=\"210\" srcset=\"https:\/\/cnprsv.ro\/wp-content\/uploads\/2016\/02\/afis-flori-de-gheata-213x300.jpg 213w, https:\/\/cnprsv.ro\/wp-content\/uploads\/2016\/02\/afis-flori-de-gheata.jpg 403w\" sizes=\"auto, (max-width: 149px) 100vw, 149px\" \/><\/a><\/p>\n<p>&nbsp;<\/p>\n<p>Muzeul de \u0218tiin\u021bele Naturii Suceava v\u0103 invit\u0103 s\u0103 vizita\u0163i \u00een perioada 23 februarie \u2013 23 martie 2016 expozi\u021bia <strong>FLORI DE FEBRUARIE<\/strong>. Acest gen de manifestare a devenit deja un eveniment tradi\u0163ional \u00een programul de primavar\u0103 al Muzeului Bucovinei.<\/p>\n<p>Expozi\u021bia prezint\u0103 o paralel\u0103 interesant\u0103 \u00eentre florile de ghea\u021b\u0103, specifice anotimpului alb, expuse \u00een imagini color \u015fi \u201cflorile de min\u0103\u201d existente \u00een colec\u021bia de mineralogie a Muzeului de \u0218tiin\u021bele Naturii \u0219i prezentate publicului vizitator \u00een vitrine. \u0218i pentru c\u0103 momentele frumoase de 1 martie \u0219i 8 Martie se apropie, vizitatorii pot achizi\u021biona din standul binecunoscut al muzeului m\u0103r\u021bisoare din pietre semipre\u021bioase \u0219i ornamentale, dar \u0219i bijuterii din pietre, colec\u021bii de minerale, obiecte ornamentale.<\/p>\n<p>Programul de vizitare este<\/p>\n<ul>\n<li>Luni: 9-16<\/li>\n<li>Mar\u021bi &#8211; Duminic\u0103 : 9-17<\/li>\n<\/ul>\n<p>&nbsp;<\/p>\n<p>&nbsp;<\/p>\n","protected":false},"excerpt":{"rendered":"<p>&nbsp; Muzeul de \u0218tiin\u021bele Naturii Suceava v\u0103 invit\u0103 s\u0103 vizita\u0163i \u00een perioada 23 februarie \u2013 23 martie 2016 expozi\u021bia FLORI DE FEBRUARIE. Acest gen de manifestare a devenit deja un eveniment tradi\u0163ional \u00een programul de primavar\u0103 al Muzeului Bucovinei. Expozi\u021bia<\/p>\n<div class=\"entry-read-more\"><a class=\"read-more-link\" href=\"https:\/\/cnprsv.ro\/?p=6451\">Read More<span class=\"cleanwp-sr-only\">  &#8222;Flori de Februarie&#8221;<\/span><\/a><\/div>\n","protected":false},"author":1,"featured_media":0,"comment_status":"closed","ping_status":"open","sticky":false,"template":"","format":"standard","meta":{"_editorskit_title_hidden":false,"_editorskit_reading_time":0,"_editorskit_is_block_options_detached":false,"_editorskit_block_options_position":"{}","footnotes":""},"categories":[1],"tags":[],"class_list":["post-6451","post","type-post","status-publish","format-standard","hentry","category-uncategorized","wpcat-1-id"],"_links":{"self":[{"href":"https:\/\/cnprsv.ro\/index.php?rest_route=\/wp\/v2\/posts\/6451","targetHints":{"allow":["GET"]}}],"collection":[{"href":"https:\/\/cnprsv.ro\/index.php?rest_route=\/wp\/v2\/posts"}],"about":[{"href":"https:\/\/cnprsv.ro\/index.php?rest_route=\/wp\/v2\/types\/post"}],"author":[{"embeddable":true,"href":"https:\/\/cnprsv.ro\/index.php?rest_route=\/wp\/v2\/users\/1"}],"replies":[{"embeddable":true,"href":"https:\/\/cnprsv.ro\/index.php?rest_route=%2Fwp%2Fv2%2Fcomments&post=6451"}],"version-history":[{"count":2,"href":"https:\/\/cnprsv.ro\/index.php?rest_route=\/wp\/v2\/posts\/6451\/revisions"}],"predecessor-version":[{"id":6460,"href":"https:\/\/cnprsv.ro\/index.php?rest_route=\/wp\/v2\/posts\/6451\/revisions\/6460"}],"wp:attachment":[{"href":"https:\/\/cnprsv.ro\/index.php?rest_route=%2Fwp%2Fv2%2Fmedia&parent=6451"}],"wp:term":[{"taxonomy":"category","embeddable":true,"href":"https:\/\/cnprsv.ro\/index.php?rest_route=%2Fwp%2Fv2%2Fcategories&post=6451"},{"taxonomy":"post_tag","embeddable":true,"href":"https:\/\/cnprsv.ro\/index.php?rest_route=%2Fwp%2Fv2%2Ftags&post=6451"}],"curies":[{"name":"wp","href":"https:\/\/api.w.org\/{rel}","templated":true}]}}