{"id":6549,"date":"2016-03-23T15:19:46","date_gmt":"2016-03-23T13:19:46","guid":{"rendered":"http:\/\/cnprsv.ro\/?p=6549"},"modified":"2024-10-11T15:42:10","modified_gmt":"2024-10-11T13:42:10","slug":"ziua-internationala-a-francofoniei","status":"publish","type":"post","link":"https:\/\/cnprsv.ro\/?p=6549","title":{"rendered":"Ziua interna\u021bional\u0103 a francofoniei"},"content":{"rendered":"<p><img loading=\"lazy\" decoding=\"async\" class=\"alignright size-full wp-image-6550\" src=\"https:\/\/cnprsv.ro\/wp-content\/uploads\/2016\/03\/Flag_of_La_Francophonie.svg_.png\" alt=\"Flag_of_La_Francophonie.svg\" width=\"200\" height=\"133\" \/><\/p>\n<p>\u00cen data de 22 Martie, dou\u0103 eleve ale Colegiului Na\u021bional &#8222;Petru Rare\u0219&#8221;, respectiv Aani\u021bei Iuliana Gabriela \u0219i Tofan Teodora, din clasa a 11-a F, \u00eenso\u021bite de doamna profesoara de limba francez\u0103 Daniela-Irina Melisch, au participat la celebrarea Zilei Interna\u021bionale a Francofoniei 2016 organizate de c\u0103tre Ministerul Afacerilor de Externe cu sprijinul Grupului Ambasadelor, Delega\u021biilor \u0219i Institu\u021biilor francofone din Romania (GADIF) la Palatul Cotroceni, sub \u00eenaltul patronaj al Pre\u0219edintelui Rom\u00e2niei. La eveniment au participat \u0219efi ai misiunilor diplomatice \u0219i a institu\u021biilor francofone din Romania, elevi \u0219i studen\u021bi, cadre didactice din \u00eenv\u0103\u021b\u0103m\u00e2ntul universitar \u0219i preuniversitar, personalit\u0103\u021bi francofone din institu\u021bii publice, mediul academic \u0219i societatea civil\u0103.<br \/>\nEvenimentul s-a axat in principal pe sublinierea impactului pe care valorile \u0219i ini\u021biativele francofoniei \u00eel au asupra tinerilor.<br \/>\n\u00cen cadrul discursului au luat cuv\u00e2ntul: Excelenta sa Pre\u0219edintele Rom\u00e2niei Klaus Werner Johannis, Ministrul Afacerilor Externe, Ministrul Educa\u021biei, Ambasadorul Fran\u021bei, Pre\u0219edinta Delega\u021biei Parlamentului Rom\u00e2niei la Adunarea Parlamentar\u0103 a Rom\u00e2niei (APF) prof.univ.dr. Sanda-Maria Ardeleanu, precum \u0219i reprezentanta Rom\u00e2niei la Olimpiada Interna\u021bional\u0103 de Limba Francez\u0103.<br \/>\n&#8222;Le pouvoir des mots&#8221; (Puterea cuvintelor) a subliniat doamna Chantal Moreno este motto-ul de anul acesta al Organiza\u021biei Interna\u021bionale a Francofoniei.<br \/>\nCon\u021binutul discursurilor prezentate au eviden\u021biat influen\u021ba pe care francofonia a dezvoltat-o asupra diferitelor domenii de activitate precum afacerile externe, educa\u021bia \u0219i cultura de-a lungul anilor, at\u00e2t \u00een \u021bar\u0103 c\u00e2t \u0219i \u00een celelalte state francofone.<br \/>\nMajoritatea oratorilor \u0219i-au exprimat \u00eenc\u00e2ntarea privind vitalitatea limbii franceze \u00een r\u00e2ndul tinerilor, demonstrat\u0103 de num\u0103rul mare de elevi \u0219i studen\u021bi ale celor 27 de licee bilingve \u0219i 32 de universit\u0103\u021bi francofone din \u021bar\u0103, prezen\u021bi \u00een sal\u0103.<br \/>\nA fost pus\u0103 \u00een lumina perfec\u021bionarea educa\u021biei prin plecarea \u0219i revenirea tinerilor studen\u021bi care au l\u0103rgit orizonturile deschiderii c\u0103tre nou \u0219i a egalit\u0103\u021bii de \u0219anse.<br \/>\nDeviza francez\u0103 &#8222;Libert\u00e9, \u00e9galit\u00e9, fraternit\u00e9&#8221; a fost utilizat\u0103 \u00een mod frecvent \u00een cadrul evenimentului eviden\u021biind astfel leg\u0103tura creat\u0103 \u00eentre statul rom\u00e2n, Fran\u021ba \u0219i celelalte state francofone.<br \/>\nCele 3 participante \u00een cadrul conferin\u021bei desf\u0103\u0219urate la Palatul Cotroceni au reprezentat cu succes spiritul francofon sucevean demonstr\u00e2nd \u00eenc\u0103 o dat\u0103 c\u0103 limba francez\u0103 face diferen\u021ba.<\/p>\n<p>&nbsp;<\/p>\n<p>&nbsp;<\/p>\n","protected":false},"excerpt":{"rendered":"<p>\u00cen data de 22 Martie, dou\u0103 eleve ale Colegiului Na\u021bional &#8222;Petru Rare\u0219&#8221;, respectiv Aani\u021bei Iuliana Gabriela \u0219i Tofan Teodora, din clasa a 11-a F, \u00eenso\u021bite de doamna profesoara de limba francez\u0103 Daniela-Irina Melisch, au participat la celebrarea Zilei Interna\u021bionale a<\/p>\n<div class=\"entry-read-more\"><a class=\"read-more-link\" href=\"https:\/\/cnprsv.ro\/?p=6549\">Read More<span class=\"cleanwp-sr-only\">  Ziua interna\u021bional\u0103 a francofoniei<\/span><\/a><\/div>\n","protected":false},"author":1,"featured_media":0,"comment_status":"closed","ping_status":"open","sticky":false,"template":"","format":"standard","meta":{"_editorskit_title_hidden":false,"_editorskit_reading_time":0,"_editorskit_is_block_options_detached":false,"_editorskit_block_options_position":"{}","footnotes":""},"categories":[1],"tags":[],"class_list":["post-6549","post","type-post","status-publish","format-standard","hentry","category-uncategorized","wpcat-1-id"],"_links":{"self":[{"href":"https:\/\/cnprsv.ro\/index.php?rest_route=\/wp\/v2\/posts\/6549","targetHints":{"allow":["GET"]}}],"collection":[{"href":"https:\/\/cnprsv.ro\/index.php?rest_route=\/wp\/v2\/posts"}],"about":[{"href":"https:\/\/cnprsv.ro\/index.php?rest_route=\/wp\/v2\/types\/post"}],"author":[{"embeddable":true,"href":"https:\/\/cnprsv.ro\/index.php?rest_route=\/wp\/v2\/users\/1"}],"replies":[{"embeddable":true,"href":"https:\/\/cnprsv.ro\/index.php?rest_route=%2Fwp%2Fv2%2Fcomments&post=6549"}],"version-history":[{"count":1,"href":"https:\/\/cnprsv.ro\/index.php?rest_route=\/wp\/v2\/posts\/6549\/revisions"}],"predecessor-version":[{"id":6551,"href":"https:\/\/cnprsv.ro\/index.php?rest_route=\/wp\/v2\/posts\/6549\/revisions\/6551"}],"wp:attachment":[{"href":"https:\/\/cnprsv.ro\/index.php?rest_route=%2Fwp%2Fv2%2Fmedia&parent=6549"}],"wp:term":[{"taxonomy":"category","embeddable":true,"href":"https:\/\/cnprsv.ro\/index.php?rest_route=%2Fwp%2Fv2%2Fcategories&post=6549"},{"taxonomy":"post_tag","embeddable":true,"href":"https:\/\/cnprsv.ro\/index.php?rest_route=%2Fwp%2Fv2%2Ftags&post=6549"}],"curies":[{"name":"wp","href":"https:\/\/api.w.org\/{rel}","templated":true}]}}