{"id":6567,"date":"2016-04-06T12:04:05","date_gmt":"2016-04-06T10:04:05","guid":{"rendered":"http:\/\/cnprsv.ro\/?p=6567"},"modified":"2024-10-11T15:42:10","modified_gmt":"2024-10-11T13:42:10","slug":"locul-i-la-concursul-international-de-dezbateri-intre-licee","status":"publish","type":"post","link":"https:\/\/cnprsv.ro\/?p=6567","title":{"rendered":"Locul I la Concursul Interna\u0163ional de Dezbateri \u00eentre Licee"},"content":{"rendered":"<p><img loading=\"lazy\" decoding=\"async\" class=\"alignright  wp-image-6568\" src=\"https:\/\/cnprsv.ro\/wp-content\/uploads\/2016\/04\/debating-competition-2015.jpg\" alt=\"debating competition 2015\" width=\"178\" height=\"178\" srcset=\"https:\/\/cnprsv.ro\/wp-content\/uploads\/2016\/04\/debating-competition-2015.jpg 558w, https:\/\/cnprsv.ro\/wp-content\/uploads\/2016\/04\/debating-competition-2015-150x150.jpg 150w, https:\/\/cnprsv.ro\/wp-content\/uploads\/2016\/04\/debating-competition-2015-300x300.jpg 300w\" sizes=\"auto, (max-width: 178px) 100vw, 178px\" \/>Mara Croitoru, elev\u0103 la colegiul nostru, a participat \u0219i c\u00e2\u0219tigat locul I la Concursul Interna\u0163ional de Dezbateri \u00eentre Licee edi\u021bia a VI-a desf\u0103\u0219urat \u00een perioada 31 martie \u2013 4 aprilie la Bratislava, Slovacia, concurs la care au participat elevi din 30 de \u021b\u0103ri.<\/p>\n<p>\u201eMara este o adolescent\u0103 extrem de ambi\u0163ioas\u0103. De\u015fi a intrat \u00eentr-o clas\u0103 de elit\u0103, de matematic\u0103 \u2013 informatic\u0103 intensiv, de unde se recruteaz\u0103 cei mai buni olimpici la matematic\u0103, informatic\u0103 sau fizic\u0103, Mara \u015fi-a canalizat aten\u0163ia spre dezbaterile academice. \u00cen clasa a IX-a am cooptat-o \u00een clubul de dezbateri al liceului, a prins gust de logic\u0103 \u015fi argumentare, \u015fi de atunci a f\u0103cut o figur\u0103 extraordinar\u0103 \u00een multe competi\u0163ii\u201d, a declarat dna profesoar\u0103 Elena Boteanu.<\/p>\n<p>&nbsp;<\/p>\n<p>&nbsp;<\/p>\n","protected":false},"excerpt":{"rendered":"<p>Mara Croitoru, elev\u0103 la colegiul nostru, a participat \u0219i c\u00e2\u0219tigat locul I la Concursul Interna\u0163ional de Dezbateri \u00eentre Licee edi\u021bia a VI-a desf\u0103\u0219urat \u00een perioada 31 martie \u2013 4 aprilie la Bratislava, Slovacia, concurs la care au participat elevi din<\/p>\n<div class=\"entry-read-more\"><a class=\"read-more-link\" href=\"https:\/\/cnprsv.ro\/?p=6567\">Read More<span class=\"cleanwp-sr-only\">  Locul I la Concursul Interna\u0163ional de Dezbateri \u00eentre Licee<\/span><\/a><\/div>\n","protected":false},"author":1,"featured_media":0,"comment_status":"closed","ping_status":"open","sticky":false,"template":"","format":"standard","meta":{"_editorskit_title_hidden":false,"_editorskit_reading_time":0,"_editorskit_is_block_options_detached":false,"_editorskit_block_options_position":"{}","footnotes":""},"categories":[1],"tags":[],"class_list":["post-6567","post","type-post","status-publish","format-standard","hentry","category-uncategorized","wpcat-1-id"],"_links":{"self":[{"href":"https:\/\/cnprsv.ro\/index.php?rest_route=\/wp\/v2\/posts\/6567","targetHints":{"allow":["GET"]}}],"collection":[{"href":"https:\/\/cnprsv.ro\/index.php?rest_route=\/wp\/v2\/posts"}],"about":[{"href":"https:\/\/cnprsv.ro\/index.php?rest_route=\/wp\/v2\/types\/post"}],"author":[{"embeddable":true,"href":"https:\/\/cnprsv.ro\/index.php?rest_route=\/wp\/v2\/users\/1"}],"replies":[{"embeddable":true,"href":"https:\/\/cnprsv.ro\/index.php?rest_route=%2Fwp%2Fv2%2Fcomments&post=6567"}],"version-history":[{"count":1,"href":"https:\/\/cnprsv.ro\/index.php?rest_route=\/wp\/v2\/posts\/6567\/revisions"}],"predecessor-version":[{"id":6569,"href":"https:\/\/cnprsv.ro\/index.php?rest_route=\/wp\/v2\/posts\/6567\/revisions\/6569"}],"wp:attachment":[{"href":"https:\/\/cnprsv.ro\/index.php?rest_route=%2Fwp%2Fv2%2Fmedia&parent=6567"}],"wp:term":[{"taxonomy":"category","embeddable":true,"href":"https:\/\/cnprsv.ro\/index.php?rest_route=%2Fwp%2Fv2%2Fcategories&post=6567"},{"taxonomy":"post_tag","embeddable":true,"href":"https:\/\/cnprsv.ro\/index.php?rest_route=%2Fwp%2Fv2%2Ftags&post=6567"}],"curies":[{"name":"wp","href":"https:\/\/api.w.org\/{rel}","templated":true}]}}