{"id":6596,"date":"2016-04-20T15:40:17","date_gmt":"2016-04-20T13:40:17","guid":{"rendered":"http:\/\/cnprsv.ro\/?p=6596"},"modified":"2024-10-11T15:42:09","modified_gmt":"2024-10-11T13:42:09","slug":"clubul-francofon-sucevean-isi-muta-locatia-la-colegiul-national-petru-rares","status":"publish","type":"post","link":"https:\/\/cnprsv.ro\/?p=6596","title":{"rendered":"Clubul francofon sucevean \u00ee\u0219i mut\u0103 loca\u021bia la Colegiul Na\u021bional Petru Rare\u0219"},"content":{"rendered":"<p><img loading=\"lazy\" decoding=\"async\" class=\"alignright size-full wp-image-593\" src=\"https:\/\/cnprsv.ro\/wp-content\/uploads\/2011\/03\/wings.png\" alt=\"sigla CNPR\" width=\"100\" height=\"97\" \/><\/p>\n<p>\u00cencep\u00e2nd din luna mai a.c., <em>Clubul francofon<\/em> Suceava \u00ee\u0219i va desf\u0103\u0219ura activitatea pentru luna mai la Colegiul Na\u021bional \u00a0<em>Petru Rare\u0219<\/em>\u00a0 Suceava.<\/p>\n<p>Membrii clubului au participat, anterior, la Palatul Copiilor Suceava la tabere de var\u0103, av\u00e2nd ca obiectiv principal ini\u021bierea \u0219i familiarizarea cu elemente de cultur\u0103 \u0219i civiliza\u021bie francez\u0103. Impresiona\u021bi de ambian\u021ba convivial\u0103, de abordarea ludic\u0103 a activit\u0103\u021bilor, ei au participat ulterior la cursuri s\u0103pt\u0103m\u00e2nale de limb\u0103 francez\u0103, au derulat spectacole \u00een colaborare cu Biroul Francez de la Casa Prieteniei Suceava, au participat la festivalul <em>Soyons Francophones<\/em> de la Gura Humorului, la un <em>Flash mob<\/em> <em>francofon <\/em>de Ziua Interna\u021bional\u0103 a Francofoniei.<\/p>\n<p>Din luna mai, mai exact din data de 6 mai, ora 9, Colegiul Na\u021bional <em>Petru Rare\u0219<\/em> va fi amfitrionul Clubului Francofon Suceava \u0219i, \u00een fiecare s\u00e2mb\u0103t\u0103 diminea\u021b\u0103, elevii interesa\u021bi sunt a\u0219tepta\u021bi la cursuri gratuite de limb\u0103 francez\u0103. Specificul \u0219i obiectivele Clubului Francofon se armonizeaz\u0103 perfect cu mediul francofon performant existent la acest colegiu, unul din pu\u021binele centre de examen DELF din Moldova \u0219i singurul liceu sucevean care ofer\u0103 elevilor oportunitatea de a urma liceul la una din clasele bilingve de limb\u0103 francez\u0103. Schimbarea loculului de desf\u0103\u0219urare va coincide cu extinderea echipei, al\u0103turi de micu\u021bii francofoni vor fi profesori de limb\u0103 francez\u0103, evaluatori acredita\u021bi DELF, tineri stagiari francezi, afla\u021bi la Colegiul Na\u021bional <em>Petru Rare\u0219<\/em>.<\/p>\n<p>De asemenea, pentru micu\u021bii francofili, o alt\u0103 oportunitate excelent\u0103 const\u0103 \u00een contactul cu elevii voluntari ai Clubului, elevi ai colegiului, din clase cu specializare bilingv rom\u00e2n\u0103 &#8211; francez\u0103, elevi cu rezultate excep\u021bionale, olimpici care au profitat deja de stagii \u00een Fran\u021ba, sau avut burse \u00een \u021b\u0103ri francofone.<\/p>\n<p>\u00cen plus, pentru c\u0103 perioada aceasta coincide cu etapa premerg\u0103toare \u00eenscrierii elevilor de clasa a VIII-a la liceu, \u00een cadrul cursurilor gratuite oferite membrilor clubului, se vor aborda con\u021binuturi din programa de admitere pentru clasele bilingve franceze. Varietatea documentelor autentice scrise, a suporturilor audio \u015fi video le va permite elevilor s\u0103-\u015fi dezvolte cele patru compten\u0163e specifice descrise \u00een <em>Cadrul European Comun pentru Limbi Str\u0103ine<\/em>: \u00een\u0163elegere scris\u0103, \u00een\u0163elegere oral\u0103, exprimare scris\u0103, exprimare oral\u0103.<\/p>\n<p>Pe l\u00e2ng\u0103 beneficiile de ordin lingvistic, elevii din cadrul <em>Clubului Francofon Suceava<\/em> vor dezvolta abilit\u0103\u021bi \u0219i competen\u021be conexe lucrului \u00eentr-o echip\u0103 de iubitori de limb\u0103 francez\u0103, promov\u0103rii limbii franceze, schimbului de bune practici, familiariz\u0103rii cu elemente de cultur\u0103 \u0219i civiliza\u021bie francez\u0103.<\/p>\n<p>Pentru\u00a0 mai mult\u0103 transparen\u0163\u0103 \u015fi vizibilitate, Clubul Francofon Suceava este activ <em>on line<\/em> \u015fi\u00a0 astfel p\u0103rin\u0163ii, prin grupul virtual creat, urm\u0103resc cu interes activit\u0103\u0163ile clubului.<\/p>\n<p>Coordonatoarea clubului, profesor dr. Petronela Munteanu, \u00ee\u015fi exprim\u0103 gratitudinea pentru cooperarea p\u0103rin\u0163ilor, a elevilor voluntari din cadrul clubului,\u00a0apreciind \u00een acela\u0219i timp, \u00een mod deosebit, implicarea, disponibilitea permanent\u0103 \u0219i colaborarea, standardele maxime de performan\u021b\u0103 \u0219i excelen\u021b\u0103 promovate de directorii prof. Daniela Dungeanu \u0219i prof. Anca Greculeac al\u0103turi de echipa sec\u021biei bilingve francofone din cadrul Colegiului Na\u021bional <em>Petru Rare\u0219.<\/p>\n<p><\/em><\/p>\n","protected":false},"excerpt":{"rendered":"<p>\u00cencep\u00e2nd din luna mai a.c., Clubul francofon Suceava \u00ee\u0219i va desf\u0103\u0219ura activitatea pentru luna mai la Colegiul Na\u021bional \u00a0Petru Rare\u0219\u00a0 Suceava. Membrii clubului au participat, anterior, la Palatul Copiilor Suceava la tabere de var\u0103, av\u00e2nd ca obiectiv principal ini\u021bierea \u0219i<\/p>\n<div class=\"entry-read-more\"><a class=\"read-more-link\" href=\"https:\/\/cnprsv.ro\/?p=6596\">Read More<span class=\"cleanwp-sr-only\">  Clubul francofon sucevean \u00ee\u0219i mut\u0103 loca\u021bia la Colegiul Na\u021bional Petru Rare\u0219<\/span><\/a><\/div>\n","protected":false},"author":1,"featured_media":0,"comment_status":"closed","ping_status":"open","sticky":false,"template":"","format":"standard","meta":{"_editorskit_title_hidden":false,"_editorskit_reading_time":0,"_editorskit_is_block_options_detached":false,"_editorskit_block_options_position":"{}","footnotes":""},"categories":[1],"tags":[],"class_list":["post-6596","post","type-post","status-publish","format-standard","hentry","category-uncategorized","wpcat-1-id"],"_links":{"self":[{"href":"https:\/\/cnprsv.ro\/index.php?rest_route=\/wp\/v2\/posts\/6596","targetHints":{"allow":["GET"]}}],"collection":[{"href":"https:\/\/cnprsv.ro\/index.php?rest_route=\/wp\/v2\/posts"}],"about":[{"href":"https:\/\/cnprsv.ro\/index.php?rest_route=\/wp\/v2\/types\/post"}],"author":[{"embeddable":true,"href":"https:\/\/cnprsv.ro\/index.php?rest_route=\/wp\/v2\/users\/1"}],"replies":[{"embeddable":true,"href":"https:\/\/cnprsv.ro\/index.php?rest_route=%2Fwp%2Fv2%2Fcomments&post=6596"}],"version-history":[{"count":1,"href":"https:\/\/cnprsv.ro\/index.php?rest_route=\/wp\/v2\/posts\/6596\/revisions"}],"predecessor-version":[{"id":6597,"href":"https:\/\/cnprsv.ro\/index.php?rest_route=\/wp\/v2\/posts\/6596\/revisions\/6597"}],"wp:attachment":[{"href":"https:\/\/cnprsv.ro\/index.php?rest_route=%2Fwp%2Fv2%2Fmedia&parent=6596"}],"wp:term":[{"taxonomy":"category","embeddable":true,"href":"https:\/\/cnprsv.ro\/index.php?rest_route=%2Fwp%2Fv2%2Fcategories&post=6596"},{"taxonomy":"post_tag","embeddable":true,"href":"https:\/\/cnprsv.ro\/index.php?rest_route=%2Fwp%2Fv2%2Ftags&post=6596"}],"curies":[{"name":"wp","href":"https:\/\/api.w.org\/{rel}","templated":true}]}}