{"id":6823,"date":"2016-06-24T17:24:20","date_gmt":"2016-06-24T15:24:20","guid":{"rendered":"http:\/\/cnprsv.ro\/?p=6823"},"modified":"2024-10-11T15:41:59","modified_gmt":"2024-10-11T13:41:59","slug":"ziua-mondiala-a-iei-romanesti","status":"publish","type":"post","link":"https:\/\/cnprsv.ro\/?p=6823","title":{"rendered":"Ziua mondial\u0103 a iei rom\u00e2ne\u0219ti"},"content":{"rendered":"<p>O dat\u0103 cu \u00eencheierea anului \u0219colar, elevii \u0219i profesorii Colegiului Na\u021bional \u201dPetru Rare\u0219\u201d au s\u0103rb\u0103torit Ziua Mondial\u0103 a Iei Rom\u00e2ne\u0219ti.<\/p>\n<p>&nbsp;<\/p>\n<p><a href=\"https:\/\/cnprsv.ro\/wp-content\/uploads\/2016\/06\/1.jpg\" rel=\"lightbox[6823]\"><img loading=\"lazy\" decoding=\"async\" class=\"wp-image-6824 aligncenter\" src=\"https:\/\/cnprsv.ro\/wp-content\/uploads\/2016\/06\/1.jpg\" alt=\"1\" width=\"450\" height=\"300\" srcset=\"https:\/\/cnprsv.ro\/wp-content\/uploads\/2016\/06\/1.jpg 2048w, https:\/\/cnprsv.ro\/wp-content\/uploads\/2016\/06\/1-300x200.jpg 300w, https:\/\/cnprsv.ro\/wp-content\/uploads\/2016\/06\/1-1024x683.jpg 1024w\" sizes=\"auto, (max-width: 450px) 100vw, 450px\" \/><\/a><\/p>\n<p><a href=\"https:\/\/cnprsv.ro\/wp-content\/uploads\/2016\/06\/4.jpg\" rel=\"lightbox[6823]\"><img loading=\"lazy\" decoding=\"async\" class=\"wp-image-6825 aligncenter\" src=\"https:\/\/cnprsv.ro\/wp-content\/uploads\/2016\/06\/4.jpg\" alt=\"4\" width=\"451\" height=\"300\" srcset=\"https:\/\/cnprsv.ro\/wp-content\/uploads\/2016\/06\/4.jpg 2048w, https:\/\/cnprsv.ro\/wp-content\/uploads\/2016\/06\/4-300x200.jpg 300w, https:\/\/cnprsv.ro\/wp-content\/uploads\/2016\/06\/4-1024x683.jpg 1024w\" sizes=\"auto, (max-width: 451px) 100vw, 451px\" \/><\/a><\/p>\n<p><a href=\"https:\/\/cnprsv.ro\/wp-content\/uploads\/2016\/06\/7.jpg\" rel=\"lightbox[6823]\"><img loading=\"lazy\" decoding=\"async\" class=\"wp-image-6826 aligncenter\" src=\"https:\/\/cnprsv.ro\/wp-content\/uploads\/2016\/06\/7.jpg\" alt=\"7\" width=\"450\" height=\"300\" srcset=\"https:\/\/cnprsv.ro\/wp-content\/uploads\/2016\/06\/7.jpg 2048w, https:\/\/cnprsv.ro\/wp-content\/uploads\/2016\/06\/7-300x200.jpg 300w, https:\/\/cnprsv.ro\/wp-content\/uploads\/2016\/06\/7-1024x683.jpg 1024w\" sizes=\"auto, (max-width: 450px) 100vw, 450px\" \/><\/a><\/p>\n<p><a href=\"https:\/\/cnprsv.ro\/wp-content\/uploads\/2016\/06\/11.jpg\" rel=\"lightbox[6823]\"><img loading=\"lazy\" decoding=\"async\" class=\"wp-image-6827 aligncenter\" src=\"https:\/\/cnprsv.ro\/wp-content\/uploads\/2016\/06\/11.jpg\" alt=\"11\" width=\"450\" height=\"300\" srcset=\"https:\/\/cnprsv.ro\/wp-content\/uploads\/2016\/06\/11.jpg 2048w, https:\/\/cnprsv.ro\/wp-content\/uploads\/2016\/06\/11-300x200.jpg 300w, https:\/\/cnprsv.ro\/wp-content\/uploads\/2016\/06\/11-1024x683.jpg 1024w\" sizes=\"auto, (max-width: 450px) 100vw, 450px\" \/><\/a><\/p>\n<p>&nbsp;<\/p>\n<p>&nbsp;<\/p>\n","protected":false},"excerpt":{"rendered":"<p>O dat\u0103 cu \u00eencheierea anului \u0219colar, elevii \u0219i profesorii Colegiului Na\u021bional \u201dPetru Rare\u0219\u201d au s\u0103rb\u0103torit Ziua Mondial\u0103 a Iei Rom\u00e2ne\u0219ti. &nbsp; &nbsp; &nbsp;<\/p>\n","protected":false},"author":1,"featured_media":0,"comment_status":"closed","ping_status":"open","sticky":false,"template":"","format":"standard","meta":{"_editorskit_title_hidden":false,"_editorskit_reading_time":0,"_editorskit_is_block_options_detached":false,"_editorskit_block_options_position":"{}","footnotes":""},"categories":[1],"tags":[],"class_list":["post-6823","post","type-post","status-publish","format-standard","hentry","category-uncategorized","wpcat-1-id"],"_links":{"self":[{"href":"https:\/\/cnprsv.ro\/index.php?rest_route=\/wp\/v2\/posts\/6823","targetHints":{"allow":["GET"]}}],"collection":[{"href":"https:\/\/cnprsv.ro\/index.php?rest_route=\/wp\/v2\/posts"}],"about":[{"href":"https:\/\/cnprsv.ro\/index.php?rest_route=\/wp\/v2\/types\/post"}],"author":[{"embeddable":true,"href":"https:\/\/cnprsv.ro\/index.php?rest_route=\/wp\/v2\/users\/1"}],"replies":[{"embeddable":true,"href":"https:\/\/cnprsv.ro\/index.php?rest_route=%2Fwp%2Fv2%2Fcomments&post=6823"}],"version-history":[{"count":2,"href":"https:\/\/cnprsv.ro\/index.php?rest_route=\/wp\/v2\/posts\/6823\/revisions"}],"predecessor-version":[{"id":6834,"href":"https:\/\/cnprsv.ro\/index.php?rest_route=\/wp\/v2\/posts\/6823\/revisions\/6834"}],"wp:attachment":[{"href":"https:\/\/cnprsv.ro\/index.php?rest_route=%2Fwp%2Fv2%2Fmedia&parent=6823"}],"wp:term":[{"taxonomy":"category","embeddable":true,"href":"https:\/\/cnprsv.ro\/index.php?rest_route=%2Fwp%2Fv2%2Fcategories&post=6823"},{"taxonomy":"post_tag","embeddable":true,"href":"https:\/\/cnprsv.ro\/index.php?rest_route=%2Fwp%2Fv2%2Ftags&post=6823"}],"curies":[{"name":"wp","href":"https:\/\/api.w.org\/{rel}","templated":true}]}}