{"id":7099,"date":"2016-09-27T15:39:18","date_gmt":"2016-09-27T13:39:18","guid":{"rendered":"http:\/\/cnprsv.ro\/?p=7099"},"modified":"2024-10-11T15:41:58","modified_gmt":"2024-10-11T13:41:58","slug":"ziua-europeana-a-limbilor-2","status":"publish","type":"post","link":"https:\/\/cnprsv.ro\/?p=7099","title":{"rendered":"Ziua European\u0103 a limbilor"},"content":{"rendered":"<p>\u00cen fiecare an, \u00eencep\u00e2nd cu 2001, pe continentul european se s\u0103rb\u0103tore\u0219te pe 26 septembrie\u00a0<strong>Ziua European\u0103 a Limbilor.<\/strong> La CNPR ziua a fost s\u0103rb\u0103torit\u0103 \u00een aula \u0219colii prin decernarea certificatelor Cambridge celor peste 50 de elevi ai colegiului care au promovat, \u00een acest an, examenul de limba englez\u0103. \u00a0\u00a0<a href=\"\/documente\/2016_septembrie_Festivitate Cambridge.pdf\" target=\"_blank\" rel=\"noopener\">Galerie foto<\/a><\/p>\n<p>&nbsp;<\/p>\n<p>&nbsp;<\/p>\n<p><a href=\"https:\/\/cnprsv.ro\/wp-content\/uploads\/2016\/09\/Ziua-europeana-a-limbilor.jpg\" rel=\"lightbox[7099]\"><img loading=\"lazy\" decoding=\"async\" class=\"alignright size-full wp-image-7100\" src=\"https:\/\/cnprsv.ro\/wp-content\/uploads\/2016\/09\/Ziua-europeana-a-limbilor.jpg\" alt=\"Ziua europeana a limbilor\" width=\"369\" height=\"300\" srcset=\"https:\/\/cnprsv.ro\/wp-content\/uploads\/2016\/09\/Ziua-europeana-a-limbilor.jpg 369w, https:\/\/cnprsv.ro\/wp-content\/uploads\/2016\/09\/Ziua-europeana-a-limbilor-300x244.jpg 300w\" sizes=\"auto, (max-width: 369px) 100vw, 369px\" \/><\/a><\/p>\n","protected":false},"excerpt":{"rendered":"<p>\u00cen fiecare an, \u00eencep\u00e2nd cu 2001, pe continentul european se s\u0103rb\u0103tore\u0219te pe 26 septembrie\u00a0Ziua European\u0103 a Limbilor. La CNPR ziua a fost s\u0103rb\u0103torit\u0103 \u00een aula \u0219colii prin decernarea certificatelor Cambridge celor peste 50 de elevi ai colegiului care au promovat,<\/p>\n<div class=\"entry-read-more\"><a class=\"read-more-link\" href=\"https:\/\/cnprsv.ro\/?p=7099\">Read More<span class=\"cleanwp-sr-only\">  Ziua European\u0103 a limbilor<\/span><\/a><\/div>\n","protected":false},"author":1,"featured_media":0,"comment_status":"closed","ping_status":"open","sticky":false,"template":"","format":"standard","meta":{"_editorskit_title_hidden":false,"_editorskit_reading_time":0,"_editorskit_is_block_options_detached":false,"_editorskit_block_options_position":"{}","footnotes":""},"categories":[1],"tags":[],"class_list":["post-7099","post","type-post","status-publish","format-standard","hentry","category-uncategorized","wpcat-1-id"],"_links":{"self":[{"href":"https:\/\/cnprsv.ro\/index.php?rest_route=\/wp\/v2\/posts\/7099","targetHints":{"allow":["GET"]}}],"collection":[{"href":"https:\/\/cnprsv.ro\/index.php?rest_route=\/wp\/v2\/posts"}],"about":[{"href":"https:\/\/cnprsv.ro\/index.php?rest_route=\/wp\/v2\/types\/post"}],"author":[{"embeddable":true,"href":"https:\/\/cnprsv.ro\/index.php?rest_route=\/wp\/v2\/users\/1"}],"replies":[{"embeddable":true,"href":"https:\/\/cnprsv.ro\/index.php?rest_route=%2Fwp%2Fv2%2Fcomments&post=7099"}],"version-history":[{"count":2,"href":"https:\/\/cnprsv.ro\/index.php?rest_route=\/wp\/v2\/posts\/7099\/revisions"}],"predecessor-version":[{"id":11781,"href":"https:\/\/cnprsv.ro\/index.php?rest_route=\/wp\/v2\/posts\/7099\/revisions\/11781"}],"wp:attachment":[{"href":"https:\/\/cnprsv.ro\/index.php?rest_route=%2Fwp%2Fv2%2Fmedia&parent=7099"}],"wp:term":[{"taxonomy":"category","embeddable":true,"href":"https:\/\/cnprsv.ro\/index.php?rest_route=%2Fwp%2Fv2%2Fcategories&post=7099"},{"taxonomy":"post_tag","embeddable":true,"href":"https:\/\/cnprsv.ro\/index.php?rest_route=%2Fwp%2Fv2%2Ftags&post=7099"}],"curies":[{"name":"wp","href":"https:\/\/api.w.org\/{rel}","templated":true}]}}