{"id":7158,"date":"2016-10-17T15:57:44","date_gmt":"2016-10-17T13:57:44","guid":{"rendered":"http:\/\/cnprsv.ro\/?p=7158"},"modified":"2024-10-11T15:41:58","modified_gmt":"2024-10-11T13:41:58","slug":"oktoberfest-la-cnpr","status":"publish","type":"post","link":"https:\/\/cnprsv.ro\/?p=7158","title":{"rendered":"Oktoberfest la CNPR"},"content":{"rendered":"<p>S\u00e2mb\u0103t\u0103, 15 octombrie 2016 s-a s\u0103rb\u0103torit <em>Oktoberfest<\/em> la \u201dCasa Prieteniei\u201d din Suceava, a\u0219a cum se obi\u0219nuie\u0219te dup\u0103 tradi\u021bia german\u0103. La acest eveniment au participat \u0219i elevi din clasa a VII-a B a Colegiului Na\u021bional ,,Petru Rare\u0219 \u201cdin Suceava care studiaz\u0103 limba german\u0103 in regim intensiv. Ace\u0219tia au prezentat piesa de teatru ,,Heidi\u201d, iar unii dintre ei au \u00eenc\u00e2ntat publicul cu dansuri populare germane, \u00eempreun\u0103 cu colegii lor din trupa de dans a Forumului Democrat German.<\/p>\n<p>La final, corurile Forumului Democrat German din C\u00eempulung \u015fi din R\u0103d\u0103u\u021bi au prezentat c\u00e2teva c\u00e2ntece, care au \u00eencheiat aceast\u0103 atmosfer\u0103 de s\u0103rb\u0103toare.<\/p>\n<p>Prof. Ramona Greciuc<\/p>\n<p><a href=\"\/documente\/2016_octombrie_Galerie foto.pdf\" target=\"_blank\" rel=\"noopener\">Galerie foto<\/a><\/p>\n<p><a href=\"https:\/\/cnprsv.ro\/wp-content\/uploads\/forumul-german.jpg\" rel=\"lightbox[7158]\"><img loading=\"lazy\" decoding=\"async\" class=\"alignright size-full wp-image-4306\" src=\"https:\/\/cnprsv.ro\/wp-content\/uploads\/forumul-german.jpg\" alt=\"forumul german\" width=\"225\" height=\"225\" \/><\/a><\/p>\n","protected":false},"excerpt":{"rendered":"<p>S\u00e2mb\u0103t\u0103, 15 octombrie 2016 s-a s\u0103rb\u0103torit Oktoberfest la \u201dCasa Prieteniei\u201d din Suceava, a\u0219a cum se obi\u0219nuie\u0219te dup\u0103 tradi\u021bia german\u0103. La acest eveniment au participat \u0219i elevi din clasa a VII-a B a Colegiului Na\u021bional ,,Petru Rare\u0219 \u201cdin Suceava care studiaz\u0103<\/p>\n<div class=\"entry-read-more\"><a class=\"read-more-link\" href=\"https:\/\/cnprsv.ro\/?p=7158\">Read More<span class=\"cleanwp-sr-only\">  Oktoberfest la CNPR<\/span><\/a><\/div>\n","protected":false},"author":1,"featured_media":0,"comment_status":"closed","ping_status":"open","sticky":false,"template":"","format":"standard","meta":{"_editorskit_title_hidden":false,"_editorskit_reading_time":0,"_editorskit_is_block_options_detached":false,"_editorskit_block_options_position":"{}","footnotes":""},"categories":[1],"tags":[],"class_list":["post-7158","post","type-post","status-publish","format-standard","hentry","category-uncategorized","wpcat-1-id"],"_links":{"self":[{"href":"https:\/\/cnprsv.ro\/index.php?rest_route=\/wp\/v2\/posts\/7158","targetHints":{"allow":["GET"]}}],"collection":[{"href":"https:\/\/cnprsv.ro\/index.php?rest_route=\/wp\/v2\/posts"}],"about":[{"href":"https:\/\/cnprsv.ro\/index.php?rest_route=\/wp\/v2\/types\/post"}],"author":[{"embeddable":true,"href":"https:\/\/cnprsv.ro\/index.php?rest_route=\/wp\/v2\/users\/1"}],"replies":[{"embeddable":true,"href":"https:\/\/cnprsv.ro\/index.php?rest_route=%2Fwp%2Fv2%2Fcomments&post=7158"}],"version-history":[{"count":2,"href":"https:\/\/cnprsv.ro\/index.php?rest_route=\/wp\/v2\/posts\/7158\/revisions"}],"predecessor-version":[{"id":11778,"href":"https:\/\/cnprsv.ro\/index.php?rest_route=\/wp\/v2\/posts\/7158\/revisions\/11778"}],"wp:attachment":[{"href":"https:\/\/cnprsv.ro\/index.php?rest_route=%2Fwp%2Fv2%2Fmedia&parent=7158"}],"wp:term":[{"taxonomy":"category","embeddable":true,"href":"https:\/\/cnprsv.ro\/index.php?rest_route=%2Fwp%2Fv2%2Fcategories&post=7158"},{"taxonomy":"post_tag","embeddable":true,"href":"https:\/\/cnprsv.ro\/index.php?rest_route=%2Fwp%2Fv2%2Ftags&post=7158"}],"curies":[{"name":"wp","href":"https:\/\/api.w.org\/{rel}","templated":true}]}}